{"id":266843,"date":"2026-09-02T16:37:09","date_gmt":"2026-09-02T16:37:09","guid":{"rendered":"https:\/\/www.europesays.com\/ee\/266843\/"},"modified":"2026-09-02T16:37:09","modified_gmt":"2026-09-02T16:37:09","slug":"mind-pootakse-ules-utles-putin-vaidetavalt-oma-saatjaskonnale-teatas-the-economist-kremli-juht-ei-tea-kuidas-soda-lopetada-ja-on-seetottu-valmis-eskaleerima","status":"publish","type":"post","link":"https:\/\/www.europesays.com\/ee\/266843\/","title":{"rendered":"\u201cMind pootakse \u00fcles,\u201d \u00fctles Putin v\u00e4idetavalt oma saatjaskonnale, teatas The Economist. Kremli juht ei tea, kuidas s\u00f5da l\u00f5petada \u2013 ja on seet\u00f5ttu valmis eskaleerima"},"content":{"rendered":"<p>MEDUZA teatel, Venemaa president Vladimir Putin kardab oma isiklikku turvalisust juhuks, kui s\u00f5da l\u00f5peb ilma v\u00e4hemalt minimaalse eesm\u00e4rgi \u2013 kogu Donbassi vallutamiseta<a href=\"https:\/\/www.economist.com\/europe\/2026\/08\/30\/cornered-vladimir-putin-plans-to-escalate-his-war\" target=\"_blank\" rel=\"noopener nofollow\">,<\/a>\u00a0kirjutab The Economist.<\/p>\n<p class=\"SimpleBlock-module_p__7aRnT  SimpleBlock-module_center__D1CsV\">Nagu presidendi saatkonna allikad v\u00e4ljaandele \u00fctlesid, \u00fctles Putin mingil s\u00f5ja ajal oma saatjaskonnale: \u201cNad riputavad mu \u00fcles.\u201d Kontekst, milles see fraas \u00f6eldi, samuti muud vestluse \u00fcksikasjad ei ole t\u00e4psustatud.<\/p>\n<p class=\"SimpleBlock-module_p__7aRnT  SimpleBlock-module_center__D1CsV\">Artikli autorid, viidates muu hulgas\u00a0arvamusk\u00fcsitluste\u00a0andmetele, m\u00e4rgivad, et Venemaa elanike seas kasvab rahulolematus s\u00f5jaga. Eliidi meeleolu on veelgi s\u00fcngem, kirjutab The Economist.<\/p>\n<p class=\"SimpleBlock-module_p__7aRnT  SimpleBlock-module_center__D1CsV\">\u00dche v\u00e4ljaande allika s\u00f5nul ei ole suurim probleem niiv\u00f5rd majanduse seis ega s\u00f5jaliste edusammude puudumine, vaid raisatud aeg: mis iganes l\u00f5pptulemus ka poleks, peaaegu viis aastat lahinguid on l\u00e4bikukkumine. \u201cKasvab tunne, et tsaaril pole riideid,\u201d \u00fctles teine Vene eliidi esindaja.<\/p>\n<p class=\"SimpleBlock-module_p__7aRnT  SimpleBlock-module_center__D1CsV\">Samal ajal ei saa Vene v\u00f5imud j\u00e4tta olukorda s\u00f5jaga nii, nagu see praegu on. \u201cInertsiaalsed stsenaariumid on Kremlile kahjulikud,\u201d \u00fctles \u00fcks v\u00e4ljaande vestluskaaslastest, m\u00e4rkides, et majandusressursse ja poliitilist kapitali raisatakse.<\/p>\n<p class=\"SimpleBlock-module_p__7aRnT  SimpleBlock-module_center__D1CsV\">\u00dckski Venemaa ees seisev majanduslik ega poliitiline probleem ei ole Putinile saatuslik \u2013 tal on majanduslikud ressursid ja repressiivne aparaat s\u00f5ja j\u00e4tkamiseks. Kuid s\u00f5ja tajumine riigis on oluline, kirjutab The Economist.<\/p>\n<p class=\"SimpleBlock-module_p__7aRnT  SimpleBlock-module_center__D1CsV\">Keegi ei tea, mis Putini peas toimub, tunnistavad artikli autorid. Siiski viitavad nad, et Kremli juht on t\u00f5en\u00e4oliselt \u201cjuhitud oma re\u017eiimi kriminaalse loogika poolt: \u00e4ra kunagi n\u00e4ita n\u00f5rkust.\u201d<\/p>\n<p class=\"SimpleBlock-module_p__7aRnT  SimpleBlock-module_center__D1CsV\">Seet\u00f5ttu v\u00f5ivad Vene v\u00f5imud, nagu varemgi, otsustada eskaleerida, et p\u00e4\u00e4seda ummikseisust, milles nad on. T\u00f5en\u00e4oliste stsenaariumite hulgas nimetab The Economist h\u00fcbriids\u00f5ja ja\u00a0<a href=\"https:\/\/meduza.io\/news\/2026\/08\/30\/politico-i-welt-germaniya-obvinit-rossiyu-v-popytke-diversii-v-aeroportu-leyptsiga-i-vvedet-sanktsii\" target=\"_blank\" rel=\"noopener nofollow\">sabotaa\u017ei<\/a>\u00a0intensiivistumist Ukraina liitlaste vastu.<\/p>\n<p class=\"SimpleBlock-module_p__7aRnT  SimpleBlock-module_center__D1CsV\">Eriti m\u00e4rgib ajaleht, et l\u00e4\u00e4ne luureteenistused usuvad, et Venemaa v\u00f5ib r\u00fcnnata Euroopa tehaseid, mis toodavad varustust Ukraina s\u00f5jaliste vajaduste jaoks. Samas usuvad nad, et otsest s\u00f5jalist vastasseisu NATO-ga ei ole.<\/p>\n<p class=\"SimpleBlock-module_p__7aRnT  SimpleBlock-module_center__D1CsV\">Lisaks kavatseb Venemaa t\u00f5en\u00e4oliselt intensiivistada r\u00fcnnakuid Ukraina vastu.\u00a0Venemaa\u00a0F\u00f6deratsiooni kaitseministeerium on juba teatanud, et on alustanud ettevalmistusi massiivseteks r\u00fcnnakuteks Ukraina energiajaamadele.<\/p>\n","protected":false},"excerpt":{"rendered":"MEDUZA teatel, Venemaa president Vladimir Putin kardab oma isiklikku turvalisust juhuks, kui s\u00f5da l\u00f5peb ilma v\u00e4hemalt minimaalse eesm\u00e4rgi&hellip;\n","protected":false},"author":2,"featured_media":266844,"comment_status":"","ping_status":"","sticky":false,"template":"","format":"standard","meta":{"footnotes":"","_share_on_mastodon":"0"},"categories":[5],"tags":[26,27,37,33,35,34,36,112,31,32,21,1152,103,28,29,103431,54,19,25,23,24,262,22,20,10732,30,661],"class_list":["post-266843","post","type-post","status-publish","format-standard","has-post-thumbnail","category-uldised-uudised","tag-breaking-news","tag-breakingnews","tag-ee","tag-eesti","tag-eesti-keel","tag-estonia","tag-estonian","tag-euroopa","tag-featured-news","tag-featurednews","tag-headlines","tag-kaitseministeerium","tag-kreml","tag-latest-news","tag-latestnews","tag-massiivseteks","tag-nato","tag-news","tag-populaarseimad-lood","tag-top-stories","tag-topstories","tag-ukraina","tag-uldised-uudised","tag-uudised","tag-venemaa-foderatsioon","tag-viimased-uudised","tag-vladimir-putin"],"share_on_mastodon":{"url":"","error":"Validation failed: Text character limit of 500 exceeded"},"_links":{"self":[{"href":"https:\/\/www.europesays.com\/ee\/wp-json\/wp\/v2\/posts\/266843","targetHints":{"allow":["GET"]}}],"collection":[{"href":"https:\/\/www.europesays.com\/ee\/wp-json\/wp\/v2\/posts"}],"about":[{"href":"https:\/\/www.europesays.com\/ee\/wp-json\/wp\/v2\/types\/post"}],"author":[{"embeddable":true,"href":"https:\/\/www.europesays.com\/ee\/wp-json\/wp\/v2\/users\/2"}],"replies":[{"embeddable":true,"href":"https:\/\/www.europesays.com\/ee\/wp-json\/wp\/v2\/comments?post=266843"}],"version-history":[{"count":0,"href":"https:\/\/www.europesays.com\/ee\/wp-json\/wp\/v2\/posts\/266843\/revisions"}],"wp:featuredmedia":[{"embeddable":true,"href":"https:\/\/www.europesays.com\/ee\/wp-json\/wp\/v2\/media\/266844"}],"wp:attachment":[{"href":"https:\/\/www.europesays.com\/ee\/wp-json\/wp\/v2\/media?parent=266843"}],"wp:term":[{"taxonomy":"category","embeddable":true,"href":"https:\/\/www.europesays.com\/ee\/wp-json\/wp\/v2\/categories?post=266843"},{"taxonomy":"post_tag","embeddable":true,"href":"https:\/\/www.europesays.com\/ee\/wp-json\/wp\/v2\/tags?post=266843"}],"curies":[{"name":"wp","href":"https:\/\/api.w.org\/{rel}","templated":true}]}}