{"id":266851,"date":"2026-09-02T16:58:09","date_gmt":"2026-09-02T16:58:09","guid":{"rendered":"https:\/\/www.europesays.com\/ee\/266851\/"},"modified":"2026-09-02T16:58:09","modified_gmt":"2026-09-02T16:58:09","slug":"tagatuba-pevkur-kaaperdas-presidendivalimised-aga-president-sai-valitud","status":"publish","type":"post","link":"https:\/\/www.europesays.com\/ee\/266851\/","title":{"rendered":"TAGATUBA | Pevkur kaaperdas presidendivalimised. Aga president sai valitud"},"content":{"rendered":"<p>Nii k\u00f5lasid fraktsioonide juhtide hinnangud, kui \u201eTagatuba\u201c neilt teisip\u00e4eval uuris, kui kindlad nad on selles, et \u00dclle Madise valitakse kolmap\u00e4eval esimeses voorus presidendiks. <\/p>\n<p>Kui Reformierakonna fraktsiooni juht \u00d5nne Pillak tunnistas teisip\u00e4eval \u201eTagatoale\u201c \u2013 kokkulepe oli, et fraktsioonide juhtidega r\u00e4\u00e4gitut ei kasuta \u201eTagatuba\u201c enne j\u00e4rgmist p\u00e4eva \u2013, et nende fraktsioonist ei saa h\u00e4\u00e4letusel paraku osaleda Vilja Toomast, siis sotsiaaldemokraatide juht Lauri L\u00e4\u00e4nemets, Isamaa fraktsiooni juht Helir-Valdor Seeder ja Eesti 200 fraktsiooni juht Toomas Uibo kinnitasid teisip\u00e4eval kui \u00fcks mees, et nende fraktsioonist on k\u00f5ik kohal. <\/p>\n<p><a href=\"https:\/\/www.delfi.ee\/artikkel\/120607967\/tagatuba-pevkur-kaaperdas-presidendivalimised-aga-president-sai-valitud\/kommentaarid\" class=\"button button--primary button--size-auto article-body-bottom__comment article-body-bottom__comment--write\" style=\"\" rel=\"nofollow noopener\" target=\"_blank\">Kommenteeri<\/a><a href=\"https:\/\/www.delfi.ee\/artikkel\/120607967\/tagatuba-pevkur-kaaperdas-presidendivalimised-aga-president-sai-valitud\/kommentaarid\" class=\"button button--size-auto article-body-bottom__comment article-body-bottom__comment--read\" style=\"\" rel=\"nofollow noopener\" target=\"_blank\">Loe kommentaare (66)<\/a><\/p>\n","protected":false},"excerpt":{"rendered":"Nii k\u00f5lasid fraktsioonide juhtide hinnangud, kui \u201eTagatuba\u201c neilt teisip\u00e4eval uuris, kui kindlad nad on selles, et \u00dclle Madise&hellip;\n","protected":false},"author":2,"featured_media":266852,"comment_status":"","ping_status":"","sticky":false,"template":"","format":"standard","meta":{"footnotes":"","_share_on_mastodon":"0"},"categories":[12],"tags":[687,679,667,26,27,673,688,663,662,37,33,35,684,683,692,34,36,31,32,208,148,21,206,668,669,381,686,677,694,691,339,680,28,29,671,672,377,690,144,678,665,19,693,676,666,25,322,664,150,695,685,159,394,682,674,675,23,24,689,222,22,20,670,681,149,30],"class_list":["post-266851","post","type-post","status-publish","format-standard","has-post-thumbnail","category-eesti","tag-ajaviide","tag-autoleht","tag-blog","tag-breaking-news","tag-breakingnews","tag-cv","tag-date","tag-defli","tag-delfi","tag-ee","tag-eesti","tag-eesti-keel","tag-ekaart","tag-email","tag-erootika","tag-estonia","tag-estonian","tag-featured-news","tag-featurednews","tag-film","tag-foto","tag-headlines","tag-horoskoop","tag-ilm","tag-ilmaennustus","tag-internet","tag-kaart","tag-kava","tag-kindlustus","tag-kinnisvara","tag-kuulutused","tag-lasteleht","tag-latest-news","tag-latestnews","tag-loto","tag-majandus","tag-mangud","tag-mobiil","tag-muusika","tag-naisteleht","tag-naljad","tag-news","tag-otsing","tag-pank","tag-pilt","tag-populaarseimad-lood","tag-raadio","tag-reklaam","tag-seks","tag-sms","tag-solo","tag-sport","tag-tarkvara","tag-tasuta","tag-too","tag-toopakkumised","tag-top-stories","tag-topstories","tag-tutvus","tag-tv","tag-uldised-uudised","tag-uudised","tag-valimised","tag-valuuta","tag-video","tag-viimased-uudised"],"share_on_mastodon":{"url":"","error":"Validation failed: Text character limit of 500 exceeded"},"_links":{"self":[{"href":"https:\/\/www.europesays.com\/ee\/wp-json\/wp\/v2\/posts\/266851","targetHints":{"allow":["GET"]}}],"collection":[{"href":"https:\/\/www.europesays.com\/ee\/wp-json\/wp\/v2\/posts"}],"about":[{"href":"https:\/\/www.europesays.com\/ee\/wp-json\/wp\/v2\/types\/post"}],"author":[{"embeddable":true,"href":"https:\/\/www.europesays.com\/ee\/wp-json\/wp\/v2\/users\/2"}],"replies":[{"embeddable":true,"href":"https:\/\/www.europesays.com\/ee\/wp-json\/wp\/v2\/comments?post=266851"}],"version-history":[{"count":0,"href":"https:\/\/www.europesays.com\/ee\/wp-json\/wp\/v2\/posts\/266851\/revisions"}],"wp:featuredmedia":[{"embeddable":true,"href":"https:\/\/www.europesays.com\/ee\/wp-json\/wp\/v2\/media\/266852"}],"wp:attachment":[{"href":"https:\/\/www.europesays.com\/ee\/wp-json\/wp\/v2\/media?parent=266851"}],"wp:term":[{"taxonomy":"category","embeddable":true,"href":"https:\/\/www.europesays.com\/ee\/wp-json\/wp\/v2\/categories?post=266851"},{"taxonomy":"post_tag","embeddable":true,"href":"https:\/\/www.europesays.com\/ee\/wp-json\/wp\/v2\/tags?post=266851"}],"curies":[{"name":"wp","href":"https:\/\/api.w.org\/{rel}","templated":true}]}}