{"id":266861,"date":"2026-09-02T17:10:33","date_gmt":"2026-09-02T17:10:33","guid":{"rendered":"https:\/\/www.europesays.com\/ee\/266861\/"},"modified":"2026-09-02T17:10:33","modified_gmt":"2026-09-02T17:10:33","slug":"haridusminister-me-veel-ei-tea-mitu-opilast-jaab-koolikohata-eesti","status":"publish","type":"post","link":"https:\/\/www.europesays.com\/ee\/266861\/","title":{"rendered":"Haridusminister: me veel ei tea, mitu \u00f5pilast j\u00e4\u00e4b koolikohata | Eesti"},"content":{"rendered":"<p>Haridus- ja teadusminister Kristina Kallas (Eesti 200) \u00fctles &#8220;Esimese stuudios&#8221;, et kuna \u00f5pilased ei ole veel sisse kantud, ei saa veel \u00f6elda, mitu \u00f5pilast koolikohata j\u00e4\u00e4b.<\/p>\n<p>1. septembri seisuga on koolikohata noori 1300. Kallase s\u00f5nul ei kanna koolid neid veel sisse ja nimekirjade lukkul\u00f6\u00f6mise t\u00e4htaeg on 10. september.<\/p>\n<p>&#8220;Me ei tea tegelikult, kui palju on t\u00e4na konkreetselt koolikohata \u00f5pilasi, sellep\u00e4rast et koolid kannavad oma \u00f5pilased sisse 10. septembriks,&#8221; \u00fctles Kallas.<\/p>\n<p>&#8220;Ma t\u00e4na k\u00fcsisin veel \u00fcle ka paljudest meie riigikoolidest. Nad veel ootavad viimaseid liikumisi, sest p\u00e4riselt, m\u00f5ned \u00f5pilased vahetavad veel praegugi veel koolikohta,&#8221; \u00fctles Kallas.<\/p>\n<p>&#8220;Kui ma vaatasin \u00fcle, kes need lapsed on, kelle kohta puudub t\u00e4na hariduse infos\u00fcsteemis m\u00e4rge, et nad oleks koolikoha saanud, siis suur hulk nendest lastest on Ukraina nimedega. Koolid tunnistavad, et nad ei saa nende laste vanematega \u00fchendust \u2013 et me ei tea, kas need lapsed on Eestis v\u00f5i nad on Eestist lahkunud, kas nad tulevad tagasi Eestisse v\u00f5i nad ei plaanigi Eestisse tagasi tulla. Suurusj\u00e4rgus kuskil 500 last on sellist, kes on Ukraina lapsed ja me teadagi ei, kus nad on,&#8221; \u00fctles Kallas.<\/p>\n<p>Kallase s\u00f5nul v\u00f5iks kaaluda Soomega sarnase s\u00fcsteemi loomist, kus \u00f5pilased seavad omale kooli valikud pingeritta. &#8220;Soomes saab valida ainult seitse valikut p\u00f5hikooli l\u00f5pus \u2013 ehk siis seitse kooli, kuhu sa saad avalduse esitada, ja need seitse tuleb pingeritta seada. Ja n\u00fc\u00fcd, oletame, et sa saad pakkumise sellest keskmisest koolist \u2013 kaks esimest, kes sul pingereas olid, nendelt sa pakkumist veel ei saa, aga saad sellelt, kes sul pingereas kolmandal oli, siis alumised &#8211; neljas, viies, kuues, seitsmes &#8211; kukuvad automaatselt \u00e4ra, sinna koolidesse sa enam tegelikult \u00fcmber m\u00f5elda ei saa. K\u00fcll sa saad aga v\u00f5imalusel \u00fcmber m\u00f5elda \u00fclespoole \u2013 ehk siis oma esimese ja teise eelistuse, sinna poole saad liikuda, kui seal kohad vabanevad. See teeb olukorra koolide jaoks lihtsamaks, et sa ei tee veel augusti l\u00f5pus otsuseid \u00fcmber,&#8221; r\u00e4\u00e4kis Kallas.<\/p>\n<p>Kallas s\u00f5nul on koolide vahelist liikumist liiga palju. &#8220;See tekitab koolidele v\u00e4ga suurt pidevat nimekirjade \u00fcmbertegemist, sellep\u00e4rast et lapsed liiguvad veel septembri esimesel n\u00e4dalal ka,&#8221; s\u00f5nas Kallas.<\/p>\n<p>&#8220;Ilmselt on vaja ikkagi kuidagi neid vabadusi natukene koomale t\u00f5mmata, neid piiranguid panna, et valik ei ole nagu absoluutne ja piiramatu,&#8221; lisas ta.<\/p>\n<p>&#8220;Meie hariduss\u00fcsteemis on v\u00e4ga tugevalt hinnatakse seda koolide autonoomiat ja \u00f5igust ise otsustada oma vastuv\u00f5tuprotsesse. Et ma arvan, et see on \u00fchiskonna aruteluteema, et kui see nii-\u00f6elda v\u00e4ga suur vabadus vastuv\u00f5tu korraldamisest tekitab selle pinge, nagu me t\u00e4na siin n\u00e4eme, siis v\u00f5ib-olla on m\u00f5istlik teatud vabadustest loobuda selleks, et asi oleks k\u00f5igile \u00fchetaolisemalt selgem,&#8221; r\u00e4\u00e4kis Kallas.<\/p>\n<p>K\u00f5ige suuremaks probleemiks Eesti koolides nimetas Kallas \u00f5petajate puudust.<\/p>\n<p>&#8220;Meil ei ole piisavalt \u00f5petajaid. Meil ei ole piisavalt neid \u00f5petajaid, kes on omandanud \u00f5petaja kvalifikatsiooni. Ja kui tehisaru tulekuga on siin keegi avaldanud lootust, et AI v\u00f5tab \u00f5petaja t\u00f6\u00f6 \u00fcle ja meil on tulevikus \u00f5petajaid v\u00e4hem vaja ning selle t\u00f5ttu \u00f5petajate arv langeb, siis praegu ma k\u00fcll ei usu seda juttu. Sellep\u00e4rast et tehisaru tulekuga muutub inimestevahelise \u00f5ppimise suhe veel olulisemaks. Ja ma arvan, et klassikomplektid muutuvad v\u00e4iksemaks, \u00f5petajate \u00fcks-\u00fchele suhtlemist ja \u00f5ppimist on rohkem, nii et tegelikult, ma arvan, meil tulevikus on \u00f5petajaid rohkem vaja, kui meil neid t\u00e4na on. Ja selle t\u00f5ttu see ressursipinge \u2013 leida \u00f5petajaid, leida h\u00e4id \u00f5petajaid \u2013 on ka tulevikus t\u00e4pselt samasugune,&#8221; r\u00e4\u00e4kis Kallas.<\/p>\n","protected":false},"excerpt":{"rendered":"Haridus- ja teadusminister Kristina Kallas (Eesti 200) \u00fctles &#8220;Esimese stuudios&#8221;, et kuna \u00f5pilased ei ole veel sisse kantud,&hellip;\n","protected":false},"author":2,"featured_media":266862,"comment_status":"","ping_status":"","sticky":false,"template":"","format":"standard","meta":{"footnotes":"","_share_on_mastodon":"0"},"categories":[5],"tags":[26,27,37,33,35,34,36,31,32,21,4057,412,648,28,29,19,33289,25,23,24,22,20,30],"class_list":["post-266861","post","type-post","status-publish","format-standard","has-post-thumbnail","category-uldised-uudised","tag-breaking-news","tag-breakingnews","tag-ee","tag-eesti","tag-eesti-keel","tag-estonia","tag-estonian","tag-featured-news","tag-featurednews","tag-headlines","tag-koolid","tag-koolikohad","tag-kristina-kallas","tag-latest-news","tag-latestnews","tag-news","tag-oppekohad","tag-populaarseimad-lood","tag-top-stories","tag-topstories","tag-uldised-uudised","tag-uudised","tag-viimased-uudised"],"share_on_mastodon":{"url":"https:\/\/pubeurope.com\/@ee\/117202558828857630","error":""},"_links":{"self":[{"href":"https:\/\/www.europesays.com\/ee\/wp-json\/wp\/v2\/posts\/266861","targetHints":{"allow":["GET"]}}],"collection":[{"href":"https:\/\/www.europesays.com\/ee\/wp-json\/wp\/v2\/posts"}],"about":[{"href":"https:\/\/www.europesays.com\/ee\/wp-json\/wp\/v2\/types\/post"}],"author":[{"embeddable":true,"href":"https:\/\/www.europesays.com\/ee\/wp-json\/wp\/v2\/users\/2"}],"replies":[{"embeddable":true,"href":"https:\/\/www.europesays.com\/ee\/wp-json\/wp\/v2\/comments?post=266861"}],"version-history":[{"count":0,"href":"https:\/\/www.europesays.com\/ee\/wp-json\/wp\/v2\/posts\/266861\/revisions"}],"wp:featuredmedia":[{"embeddable":true,"href":"https:\/\/www.europesays.com\/ee\/wp-json\/wp\/v2\/media\/266862"}],"wp:attachment":[{"href":"https:\/\/www.europesays.com\/ee\/wp-json\/wp\/v2\/media?parent=266861"}],"wp:term":[{"taxonomy":"category","embeddable":true,"href":"https:\/\/www.europesays.com\/ee\/wp-json\/wp\/v2\/categories?post=266861"},{"taxonomy":"post_tag","embeddable":true,"href":"https:\/\/www.europesays.com\/ee\/wp-json\/wp\/v2\/tags?post=266861"}],"curies":[{"name":"wp","href":"https:\/\/api.w.org\/{rel}","templated":true}]}}