{"id":266879,"date":"2026-09-02T17:30:12","date_gmt":"2026-09-02T17:30:12","guid":{"rendered":"https:\/\/www.europesays.com\/ee\/266879\/"},"modified":"2026-09-02T17:30:12","modified_gmt":"2026-09-02T17:30:12","slug":"80-aastane-senaator-voitis-massachusettsi-demokraatide-eelvalimised-valismaa","status":"publish","type":"post","link":"https:\/\/www.europesays.com\/ee\/266879\/","title":{"rendered":"80-aastane senaator v\u00f5itis Massachusettsi demokraatide eelvalimised | V\u00e4lismaa"},"content":{"rendered":"<p>USA-s Massachusettsi osariigis toimusid demokraatide eelvalimised ning 80-aastane senaator Ed Markey alistas \u00fclekaalukalt oma 47-aastase konkurendi Seth Moultoni.<\/p>\n<p>Peaaegu pool sajandit kongressis t\u00f6\u00f6tanud Markey kogus 65 protsenti h\u00e4\u00e4ltest, Moulton sai 35 protsenti h\u00e4\u00e4ltest.\u00a0<\/p>\n<p>Ajaleht <a href=\"https:\/\/www.wsj.com\/politics\/elections\/sen-ed-markey-defeats-younger-challenger-in-massachusetts-bf4379fe?mod=politics_lead_story\" target=\"_blank\" rel=\"noopener nofollow\">The Wall Street Journa<\/a>l kirjutab, et tegemist oli p\u00f5lvkondadevahelise vastasseisuga, mille keskmes olid Markey vanus ja partei tulevik. Tema vastane Moulton on ka korduvalt sattunud vastuollu partei juhtfiguuridega.<\/p>\n<p>Moulton p\u00fc\u00fcdis valimiskampaania ajal Markey k\u00f5rget iga \u00e4ra kasutada, kutsudes \u00fcles muutustele. Moulton sai v\u00f5imaluse Markey kritiseerimiseks p\u00e4rast seda, kui senaator ei osanud teledebatis t\u00e4pselt \u00f6elda, milliseid tehisintellekti t\u00f6\u00f6riistu ta oma isiklikes seadmetes kasutab.\u00a0<\/p>\n<p>&#8220;Kogu lugupidamise juures, senaator, kui te isegi ei tea, mida oma telefonis v\u00f5i iPadis kasutate, siis just seet\u00f5ttu vajamegi uue p\u00f5lvkonna juhte, kes neid tehnoloogiaid reguleeriksid,&#8221; \u00fctles Moulton.<\/p>\n<p>Markey on oma karj\u00e4\u00e4ri jooksul keskendunud kliimamuutuste vastasele v\u00f5itlusele ning tema selja taha asus valimiskampaania ajal ka demokraatliku partei vasakpoolne tiib. Teda toetasid muu hulgas Bernie Sanders, Alexandria Ocasio-Cortez, suured ameti\u00fchingud ja noorteorganisatsioonid.\u00a0<\/p>\n<p>Markey kritiseeris Moultonit ka selle eest, et viimane seadis 2024. aasta intervjuus kahtluse alla transsooliste sportlaste \u00f5iguse v\u00f5istelda naiste ja t\u00fcdrukute spordiv\u00f5istlustel.\u00a0<\/p>\n<p>Kuna Massachusetts on demokraatide tugipunkt, on Markey n\u00fc\u00fcd novembris toimuvatel \u00fcldvalimistel \u00fclekaalukas favoriit. Eeldatavasti alistab ta vabariiklase John Deatoni ning oma ametiaja l\u00f5pus oleks ta 86-aastane. Deaton kandideeris ka 2024. aasta senativalimistel, kuid j\u00e4i toona alla senaator Elizabeth Warrenile.<\/p>\n","protected":false},"excerpt":{"rendered":"USA-s Massachusettsi osariigis toimusid demokraatide eelvalimised ning 80-aastane senaator Ed Markey alistas \u00fclekaalukalt oma 47-aastase konkurendi Seth Moultoni.&hellip;\n","protected":false},"author":2,"featured_media":266880,"comment_status":"","ping_status":"","sticky":false,"template":"","format":"standard","meta":{"footnotes":"","_share_on_mastodon":"0"},"categories":[14],"tags":[131,130,6451,37,33,35,34,36,34090,325,670],"class_list":["post-266879","post","type-post","status-publish","format-standard","has-post-thumbnail","category-ari","tag-ari","tag-business","tag-demokraadid","tag-ee","tag-eesti","tag-eesti-keel","tag-estonia","tag-estonian","tag-massachusetts","tag-usa","tag-valimised"],"share_on_mastodon":{"url":"","error":""},"_links":{"self":[{"href":"https:\/\/www.europesays.com\/ee\/wp-json\/wp\/v2\/posts\/266879","targetHints":{"allow":["GET"]}}],"collection":[{"href":"https:\/\/www.europesays.com\/ee\/wp-json\/wp\/v2\/posts"}],"about":[{"href":"https:\/\/www.europesays.com\/ee\/wp-json\/wp\/v2\/types\/post"}],"author":[{"embeddable":true,"href":"https:\/\/www.europesays.com\/ee\/wp-json\/wp\/v2\/users\/2"}],"replies":[{"embeddable":true,"href":"https:\/\/www.europesays.com\/ee\/wp-json\/wp\/v2\/comments?post=266879"}],"version-history":[{"count":0,"href":"https:\/\/www.europesays.com\/ee\/wp-json\/wp\/v2\/posts\/266879\/revisions"}],"wp:featuredmedia":[{"embeddable":true,"href":"https:\/\/www.europesays.com\/ee\/wp-json\/wp\/v2\/media\/266880"}],"wp:attachment":[{"href":"https:\/\/www.europesays.com\/ee\/wp-json\/wp\/v2\/media?parent=266879"}],"wp:term":[{"taxonomy":"category","embeddable":true,"href":"https:\/\/www.europesays.com\/ee\/wp-json\/wp\/v2\/categories?post=266879"},{"taxonomy":"post_tag","embeddable":true,"href":"https:\/\/www.europesays.com\/ee\/wp-json\/wp\/v2\/tags?post=266879"}],"curies":[{"name":"wp","href":"https:\/\/api.w.org\/{rel}","templated":true}]}}