{"id":266883,"date":"2026-09-02T17:32:23","date_gmt":"2026-09-02T17:32:23","guid":{"rendered":"https:\/\/www.europesays.com\/ee\/266883\/"},"modified":"2026-09-02T17:32:23","modified_gmt":"2026-09-02T17:32:23","slug":"galerii-%e2%9f%a9-ekre-nouab-toompeal-protestiga-presidendi-otsevalimisi-riigikogu-hakkab-presidenti-valima","status":"publish","type":"post","link":"https:\/\/www.europesays.com\/ee\/266883\/","title":{"rendered":"GALERII \u27e9 EKRE n\u00f5uab Toompeal protestiga presidendi otsevalimisi, riigikogu hakkab presidenti valima"},"content":{"rendered":"<p>EKRE korraldas riigikogu ees protesti, millega n\u00f5utakse presidendi otsevalimisi. Samal ajal koguneb riigikogu erakorralisele istungj\u00e4rgule, et valida Eestile j\u00e4rgmine president.<\/p>\n<p>Kolmap\u00e4eval algusega kell 12 toimub presidendi valimise esimene h\u00e4\u00e4letusvoor. Vabariigi valimiskomisjon on registreerinud presidendikandidaadiks \u00dclle Madise, kelle seadis \u00fcles 75 riigikogu liiget.<\/p>\n","protected":false},"excerpt":{"rendered":"EKRE korraldas riigikogu ees protesti, millega n\u00f5utakse presidendi otsevalimisi. Samal ajal koguneb riigikogu erakorralisele istungj\u00e4rgule, et valida Eestile&hellip;\n","protected":false},"author":2,"featured_media":266884,"comment_status":"","ping_status":"","sticky":false,"template":"","format":"standard","meta":{"footnotes":"","_share_on_mastodon":"0"},"categories":[12],"tags":[71,26,27,37,33,35,34,36,31,32,21,668,381,1000,28,29,672,19,676,999,25,159,23,24,22,20,30],"class_list":["post-266883","post","type-post","status-publish","format-standard","has-post-thumbnail","category-eesti","tag-arvamus","tag-breaking-news","tag-breakingnews","tag-ee","tag-eesti","tag-eesti-keel","tag-estonia","tag-estonian","tag-featured-news","tag-featurednews","tag-headlines","tag-ilm","tag-internet","tag-krimi","tag-latest-news","tag-latestnews","tag-majandus","tag-news","tag-pank","tag-poliitika","tag-populaarseimad-lood","tag-sport","tag-top-stories","tag-topstories","tag-uldised-uudised","tag-uudised","tag-viimased-uudised"],"share_on_mastodon":{"url":"https:\/\/pubeurope.com\/@ee\/117202645509579508","error":""},"_links":{"self":[{"href":"https:\/\/www.europesays.com\/ee\/wp-json\/wp\/v2\/posts\/266883","targetHints":{"allow":["GET"]}}],"collection":[{"href":"https:\/\/www.europesays.com\/ee\/wp-json\/wp\/v2\/posts"}],"about":[{"href":"https:\/\/www.europesays.com\/ee\/wp-json\/wp\/v2\/types\/post"}],"author":[{"embeddable":true,"href":"https:\/\/www.europesays.com\/ee\/wp-json\/wp\/v2\/users\/2"}],"replies":[{"embeddable":true,"href":"https:\/\/www.europesays.com\/ee\/wp-json\/wp\/v2\/comments?post=266883"}],"version-history":[{"count":0,"href":"https:\/\/www.europesays.com\/ee\/wp-json\/wp\/v2\/posts\/266883\/revisions"}],"wp:featuredmedia":[{"embeddable":true,"href":"https:\/\/www.europesays.com\/ee\/wp-json\/wp\/v2\/media\/266884"}],"wp:attachment":[{"href":"https:\/\/www.europesays.com\/ee\/wp-json\/wp\/v2\/media?parent=266883"}],"wp:term":[{"taxonomy":"category","embeddable":true,"href":"https:\/\/www.europesays.com\/ee\/wp-json\/wp\/v2\/categories?post=266883"},{"taxonomy":"post_tag","embeddable":true,"href":"https:\/\/www.europesays.com\/ee\/wp-json\/wp\/v2\/tags?post=266883"}],"curies":[{"name":"wp","href":"https:\/\/api.w.org\/{rel}","templated":true}]}}