{"id":266891,"date":"2026-09-02T17:54:09","date_gmt":"2026-09-02T17:54:09","guid":{"rendered":"https:\/\/www.europesays.com\/ee\/266891\/"},"modified":"2026-09-02T17:54:09","modified_gmt":"2026-09-02T17:54:09","slug":"vilet-ei-lainud-kordagi-tarvis-ule-saja-politseinikku-aitas-1-septembril-lapsi-kooli-saata","status":"publish","type":"post","link":"https:\/\/www.europesays.com\/ee\/266891\/","title":{"rendered":"\u201eVilet ei l\u00e4inud kordagi tarvis.\u201c \u00dcle saja politseinikku aitas 1. septembril lapsi kooli saata"},"content":{"rendered":"<p>\u201eKokku aitasid Harjumaa suuremate koolide ja keerulisemate liikluss\u00f5lmede juures liiklust turvalisemaks muuta \u00fcle 150 politseiniku, abipolitseiniku ja munitsipaalpolitseiniku. Abiks olid ka kohalike omavalitsuste t\u00f6\u00f6tajad ning vabatahtlikud,\u201c m\u00e4rkis ta. \u201eHarjumaal oli kokku ligi 70 kohta, kus liiklusturvalisuse tagamiseks oldi v\u00e4ljas suuremate j\u00f5ududega, eelk\u00f5ige koolide juures ja suurematel ristmikel.\u201c<\/p>\n<p>\u201eHea meel on t\u00f5deda, et vilet ei l\u00e4inud kordagi tarvis. Liiklus sujus ning oli selgelt n\u00e4ha, et \u00fcksteisega arvestasid nii autojuhid kui ka jalak\u00e4ijad,\u201c v\u00f5ttis Ida-Harju politseijaoskonna kesklinna piirkonnapolitseinik Ivar Saar kokku pealinna suuremate koolide ja liikluss\u00f5lmede juures veedetud tunnid. <\/p>\n<p>\u201eVaid paaril korral pidime s\u00f5nad peale lugema jalak\u00e4ijatele ja elektrit\u00f5ukeratastega liiklejatele, kes \u00fcletasid ristmiku kollase tulega. Kuigi me kiirust ei m\u00f5\u00f5tnud, oli n\u00e4ha, et liiklus oli tavap\u00e4rasest rahulikum ning s\u00f5idukite keskmine kiirus suurema koormusega ristmikel pigem madalam,\u201c m\u00e4rkis Saar. \u201eMeeldiv oli ka tagasiside, mida kuulsime m\u00f6\u00f6dujatelt: \u201eTore, et olete siin. Kooli juures on kohe palju rahulikum.\u201c Selliseid toetavaid s\u00f5nu kuulsime p\u00e4eva jooksul korduvalt.\u201c<\/p>\n<p>\u201eSelliseid n\u00e4htavaid politsei- ja vabatahtlikke kohalolekuid on <a rel=\"noopener nofollow\" target=\"_blank\" href=\"https:\/\/www.delfi.ee\/teema\/72281627\/kooliaasta-algus\" tag-id=\"72281627\">kooliaasta alguses<\/a> vaja selleks, et liiklejatele kinnistuks teadmine, et suvine liiklusr\u00fctm on l\u00e4bi ning liikluspilti on lisandunud palju lapsi ja noori, kelle jaoks on uus nii kool kui ka koolitee. Oma p\u00e4evatoimetusi planeerides tasub arvestada, et koolide \u00fcmbruses on liiklus tihedam ja ohutuse tagamiseks peab s\u00f5idukiirus olema tavap\u00e4rasest madalam,\u201c t\u00e4psustas L\u00e4\u00e4ne-Harju politseijaoskonna N\u00f5mme-Haabersti piirkonnagrupi juht Djanno Tipka.<\/p>\n<p>Rahulikult m\u00f6\u00f6dus kooliaasta esimene p\u00e4ev ka mujal Eestis. \u201eM\u00f5nes linnas tuli siiski ette koolide l\u00e4heduses tekkinud l\u00fchiajalisi ummikuid ning m\u00e4rgata oli ka kiirustades ja hooletult pargitud s\u00f5idukeid koolide \u00fcmbruses,\u201c nentis kommunikatsioonispetsialist Raasuke.<\/p>\n<p>Ida-Harju politseijaoskonna Kesklinna piirkonnapolitseiniku Ivar Saare s\u00f5nul oli siiski r\u00f5\u00f5mustav n\u00e4ha, et liiklejad suhtusid kooliaasta algusesse t\u00e4helepanelikult ja \u00fcksteisega arvestavalt.<\/p>\n<p>\u201eLoodetavasti ei j\u00e4\u00e4 selline hooliv ja t\u00e4helepanelik liiklusk\u00e4itumine ainult septembri algusesse, vaid saadab meid kogu \u00f5ppeaasta v\u00e4ltel. Liikluses v\u00f5idavad k\u00f5ik siis, kui m\u00e4rkame \u00fcksteist, v\u00f5tame vajadusel aja maha ning seame esikohale turvalise kohalej\u00f5udmise,\u201c \u00fctles Saar.<\/p>\n<p>Kuidas see lugu Sind end tundma pani?Saada<a href=\"https:\/\/www.delfi.ee\/artikkel\/120607971\/vilet-ei-lainud-kordagi-tarvis-ule-saja-politseinikku-aitas-1-septembril-lapsi-kooli-saata\/kommentaarid\" class=\"button button--primary button--size-auto article-body-bottom__comment article-body-bottom__comment--write\" style=\"\" rel=\"nofollow noopener\" target=\"_blank\">Kommenteeri<\/a><a href=\"https:\/\/www.delfi.ee\/artikkel\/120607971\/vilet-ei-lainud-kordagi-tarvis-ule-saja-politseinikku-aitas-1-septembril-lapsi-kooli-saata\/kommentaarid\" class=\"button button--size-auto article-body-bottom__comment article-body-bottom__comment--read\" style=\"\" rel=\"nofollow noopener\" target=\"_blank\">Loe kommentaare (9)<\/a><\/p>\n","protected":false},"excerpt":{"rendered":"\u201eKokku aitasid Harjumaa suuremate koolide ja keerulisemate liikluss\u00f5lmede juures liiklust turvalisemaks muuta \u00fcle 150 politseiniku, abipolitseiniku ja munitsipaalpolitseiniku.&hellip;\n","protected":false},"author":2,"featured_media":266892,"comment_status":"","ping_status":"","sticky":false,"template":"","format":"standard","meta":{"footnotes":"","_share_on_mastodon":"0"},"categories":[12],"tags":[26,27,37,33,35,34,36,31,32,10062,21,95022,28,29,2834,19,353,25,2130,23,24,22,20,30],"class_list":["post-266891","post","type-post","status-publish","format-standard","has-post-thumbnail","category-eesti","tag-breaking-news","tag-breakingnews","tag-ee","tag-eesti","tag-eesti-keel","tag-estonia","tag-estonian","tag-featured-news","tag-featurednews","tag-harjumaa","tag-headlines","tag-kooliaasta-algus","tag-latest-news","tag-latestnews","tag-liiklusohutus","tag-news","tag-politsei","tag-populaarseimad-lood","tag-tallinn","tag-top-stories","tag-topstories","tag-uldised-uudised","tag-uudised","tag-viimased-uudised"],"share_on_mastodon":{"url":"https:\/\/pubeurope.com\/@ee\/117202732043633497","error":""},"_links":{"self":[{"href":"https:\/\/www.europesays.com\/ee\/wp-json\/wp\/v2\/posts\/266891","targetHints":{"allow":["GET"]}}],"collection":[{"href":"https:\/\/www.europesays.com\/ee\/wp-json\/wp\/v2\/posts"}],"about":[{"href":"https:\/\/www.europesays.com\/ee\/wp-json\/wp\/v2\/types\/post"}],"author":[{"embeddable":true,"href":"https:\/\/www.europesays.com\/ee\/wp-json\/wp\/v2\/users\/2"}],"replies":[{"embeddable":true,"href":"https:\/\/www.europesays.com\/ee\/wp-json\/wp\/v2\/comments?post=266891"}],"version-history":[{"count":0,"href":"https:\/\/www.europesays.com\/ee\/wp-json\/wp\/v2\/posts\/266891\/revisions"}],"wp:featuredmedia":[{"embeddable":true,"href":"https:\/\/www.europesays.com\/ee\/wp-json\/wp\/v2\/media\/266892"}],"wp:attachment":[{"href":"https:\/\/www.europesays.com\/ee\/wp-json\/wp\/v2\/media?parent=266891"}],"wp:term":[{"taxonomy":"category","embeddable":true,"href":"https:\/\/www.europesays.com\/ee\/wp-json\/wp\/v2\/categories?post=266891"},{"taxonomy":"post_tag","embeddable":true,"href":"https:\/\/www.europesays.com\/ee\/wp-json\/wp\/v2\/tags?post=266891"}],"curies":[{"name":"wp","href":"https:\/\/api.w.org\/{rel}","templated":true}]}}