{"id":266897,"date":"2026-09-02T18:04:45","date_gmt":"2026-09-02T18:04:45","guid":{"rendered":"https:\/\/www.europesays.com\/ee\/266897\/"},"modified":"2026-09-02T18:04:45","modified_gmt":"2026-09-02T18:04:45","slug":"mojtaba-khamenei-vaikimine-suvendab-iraanis-kahtlusi-kas-ta-on-uldse-elus-ja-kes-tegelikult-riiki-juhib","status":"publish","type":"post","link":"https:\/\/www.europesays.com\/ee\/266897\/","title":{"rendered":"Mojtaba Khamenei vaikimine s\u00fcvendab Iraanis kahtlusi. Kas ta on \u00fcldse elus ja kes tegelikult riiki juhib?"},"content":{"rendered":"<p>Iraani ametnikud ja teised riigi k\u00f5rgemad allikad \u00fctlesid, et Khamenei kontrollib endiselt v\u00f5imu. Nende s\u00f5nul juhib ta riiki julgeolekukaalutlustel varjust, paraneb n\u00e4gu moonutanud haavadest ning on andnud igap\u00e4evase laia otsustus\u00f5iguse v\u00e4ikesele tipptegelaste ringile.<\/p>\n<p>P\u00e4rast ametisse asumist n\u00e4dal p\u00e4rast s\u00f5ja algust ei ole avaldatud \u00fchtegi tema fotot, videot ega helis\u00f5numit. Tema p\u00f6\u00f6rdumised iraanlaste poole on piirdunud kirjalike avaldustega, mille on ette lugenud uudistediktorid, ning ta puudus ka oma isa n\u00e4dal kestnud matusetalitustelt eelmisel kuul. President Masoud Pezeshkian \u00fctles 10. augustil, et kohtus Khameneiga. Kohtumine olevat kestnud seitse tundi.<\/p>\n<p>K\u00f5rgemad ametnikud ja teised siseringi allikad p\u00f5hjendasid Khamenei eemalolekut tapmiskartusega ning \u00fctlesid, et ta peab sageli n\u00f5upidamisi, saab k\u00f5ik olulisemad ettekanded ja langetab t\u00e4htsates k\u00fcsimustes l\u00f5pliku otsuse. Washingtonis tegutseva L\u00e4his-Ida instituudi esindaja Alex Vatanka \u00fctles, et k\u00fcsimus ei ole enam selles, kas Mojtaba on elus, vaid selles, kas Iraanil on endiselt toimiv k\u00f5rgeim juht.<\/p>\n<p>Ka osa v\u00f5imule lojaalseid inimesi peab vaikimist probleemseks. Qomis anon\u00fc\u00fcmselt r\u00e4\u00e4kinud Basiji vabatahtliku relvar\u00fchmituse liige \u00fctles, et usub Khamenei langetavat endiselt v\u00f5tmeotsuseid. \u201eMe peame kuulma oma juhi h\u00e4\u00e4lt v\u00f5i n\u00e4gema mingit m\u00e4rki, et ta on v\u00f5imul ja juhib riiki, et see annaks meile rohkem kindlust,\u201d lisas ta. Teherani reformimeelne \u00e4rimees Shahrokh aga k\u00fcsis: \u201eKuidas me teame, et Mojtabat ei ole tapetud?\u201d<\/p>\n<p>S\u00f5da algas 28. veebruari varahommikul Iisraeli ja <a rel=\"noopener nofollow\" target=\"_blank\" href=\"https:\/\/www.delfi.ee\/teema\/22971743\/usa\" tag-id=\"22971743\">USA<\/a> \u00f5hur\u00fcnnakutega, milles hukkus Khamenei isa ja Mojtaba Khamenei sai haavata. Iraani poliitiline s\u00fcsteem on kuus kuud kestnud s\u00f5jale vastu pidanud, kuid majandus on konflikti hinna ja naftaekspordi kuudepikkuse blokaadi all n\u00f5rgenenud. Revolutsioonikaart on s\u00f5ja algusest m\u00f5juv\u00f5imu suurendanud ja j\u00e4\u00e4b allikate s\u00f5nul keskseks j\u00f5uks \u00fcmberkorraldatud v\u00f5imus\u00fcsteemis, mille tuum on k\u00f5rgeim riiklik julgeolekun\u00f5ukogu.<\/p>\n<p>Kuidas see lugu Sind end tundma pani?Saada<a href=\"https:\/\/www.delfi.ee\/artikkel\/120606764\/mojtaba-khamenei-vaikimine-suvendab-iraanis-kahtlusi-kas-ta-on-uldse-elus-ja-kes-tegelikult-riiki-juhib\/kommentaarid\" class=\"button button--primary button--size-auto article-body-bottom__comment article-body-bottom__comment--write\" style=\"\" rel=\"nofollow noopener\" target=\"_blank\">Kommenteeri<\/a><a href=\"https:\/\/www.delfi.ee\/artikkel\/120606764\/mojtaba-khamenei-vaikimine-suvendab-iraanis-kahtlusi-kas-ta-on-uldse-elus-ja-kes-tegelikult-riiki-juhib\/kommentaarid\" class=\"button button--size-auto article-body-bottom__comment article-body-bottom__comment--read\" style=\"\" rel=\"nofollow noopener\" target=\"_blank\">Loe kommentaare (16)<\/a><\/p>\n","protected":false},"excerpt":{"rendered":"Iraani ametnikud ja teised riigi k\u00f5rgemad allikad \u00fctlesid, et Khamenei kontrollib endiselt v\u00f5imu. Nende s\u00f5nul juhib ta riiki&hellip;\n","protected":false},"author":2,"featured_media":266898,"comment_status":"","ping_status":"","sticky":false,"template":"","format":"standard","meta":{"footnotes":"","_share_on_mastodon":"0"},"categories":[80],"tags":[37105,26,27,37,33,35,34,36,31,32,21,1925,56742,43906,40362,56098,28,29,95,55982,19,25,23,24,22,325,20,30,92,93,94],"class_list":["post-266897","post","type-post","status-publish","format-standard","has-post-thumbnail","category-maailm","tag-ali-khamenei","tag-breaking-news","tag-breakingnews","tag-ee","tag-eesti","tag-eesti-keel","tag-estonia","tag-estonian","tag-featured-news","tag-featurednews","tag-headlines","tag-iraan","tag-iraani-konflikt","tag-iraani-reziim","tag-iraani-rundamine","tag-iraani-soda","tag-latest-news","tag-latestnews","tag-maailm","tag-mojtaba-khamenei","tag-news","tag-populaarseimad-lood","tag-top-stories","tag-topstories","tag-uldised-uudised","tag-usa","tag-uudised","tag-viimased-uudised","tag-world","tag-world-news","tag-worldnews"],"share_on_mastodon":{"url":"https:\/\/pubeurope.com\/@ee\/117202771324855037","error":""},"_links":{"self":[{"href":"https:\/\/www.europesays.com\/ee\/wp-json\/wp\/v2\/posts\/266897","targetHints":{"allow":["GET"]}}],"collection":[{"href":"https:\/\/www.europesays.com\/ee\/wp-json\/wp\/v2\/posts"}],"about":[{"href":"https:\/\/www.europesays.com\/ee\/wp-json\/wp\/v2\/types\/post"}],"author":[{"embeddable":true,"href":"https:\/\/www.europesays.com\/ee\/wp-json\/wp\/v2\/users\/2"}],"replies":[{"embeddable":true,"href":"https:\/\/www.europesays.com\/ee\/wp-json\/wp\/v2\/comments?post=266897"}],"version-history":[{"count":0,"href":"https:\/\/www.europesays.com\/ee\/wp-json\/wp\/v2\/posts\/266897\/revisions"}],"wp:featuredmedia":[{"embeddable":true,"href":"https:\/\/www.europesays.com\/ee\/wp-json\/wp\/v2\/media\/266898"}],"wp:attachment":[{"href":"https:\/\/www.europesays.com\/ee\/wp-json\/wp\/v2\/media?parent=266897"}],"wp:term":[{"taxonomy":"category","embeddable":true,"href":"https:\/\/www.europesays.com\/ee\/wp-json\/wp\/v2\/categories?post=266897"},{"taxonomy":"post_tag","embeddable":true,"href":"https:\/\/www.europesays.com\/ee\/wp-json\/wp\/v2\/tags?post=266897"}],"curies":[{"name":"wp","href":"https:\/\/api.w.org\/{rel}","templated":true}]}}