{"id":266913,"date":"2026-09-02T18:28:29","date_gmt":"2026-09-02T18:28:29","guid":{"rendered":"https:\/\/www.europesays.com\/ee\/266913\/"},"modified":"2026-09-02T18:28:29","modified_gmt":"2026-09-02T18:28:29","slug":"aktuaalne-kaamera-eesti-viipekeeles-2026-09-03-0925-jupiter-err","status":"publish","type":"post","link":"https:\/\/www.europesays.com\/ee\/266913\/","title":{"rendered":"Aktuaalne kaamera (eesti viipekeeles), 2026.09.03 09:25 &#8211; Jupiter | ERR"},"content":{"rendered":"<ol>\n<li><a href=\"https:\/\/news.google.com\/rss\/articles\/CBMiSEFVX3lxTE5fMEJKczIwZ0hGVzVkUVUyRzRnbGFRWEoydW9pUkVqRVJVXzg4Yl9vT0NQYmJJTTV6dGdNcm5GMUI3dERtZ1lrdw?oc=5\" target=\"_blank\" rel=\"nofollow noopener\">Aktuaalne kaamera (eesti viipekeeles), 2026.09.03 09:25<\/a>&nbsp;&nbsp;Jupiter | ERR<\/li>\n<li><a href=\"https:\/\/news.google.com\/rss\/articles\/CBMipAFBVV95cUxOUjBvSjRlSVhLMHFCRUY3QjE4UjQzdHZvTkRHdzJYa0dPYlZUUWdxLWltbUVhdHE3a0tXQ2xRY19pRVFpbHpwemo3MU1vb0pEZkQwaExycjdRcGFSZlVpUG8yRTMzZFNOUklzckx6dGlCRVFZYzctOGx4cnEySm9IYzJrZmhDXzkwZU5JOUVrYTJxQW82aHlQSnV6MUIyR3hBdWRuVQ?oc=5\" target=\"_blank\" rel=\"nofollow noopener\">Kaja Kallase j\u00e4relh\u00fc\u00fce isale: sa olid pere jaoks alati olemas<\/a>&nbsp;&nbsp;\u00c4rip\u00e4ev<\/li>\n<li><a href=\"https:\/\/news.google.com\/rss\/articles\/CBMimgFBVV95cUxOMTY2QlU2MU5vU0NwRk04VlNYb0w3ZUhXbUlfeFhqM0pVdG1hMG1zQjZIQ19QTV9Wb1BVX2FMblZteHItaGxqS1NTdmhIZkdBeHpBQmhVZXBTSXY0SHNVTzFEaGdXRnR1V3NtTGFoaXdMOWwyRy0tcXJ3bHlpZzRheU1xUjB2NkFqdGs4Z3ZDMzZqVVpCbHlGeDB3?oc=5\" target=\"_blank\" rel=\"nofollow noopener\">Tallinnas kehtivad Siim Kallase matuste ajal liikluspiirangud<\/a>&nbsp;&nbsp;Postimees<\/li>\n<li><a href=\"https:\/\/news.google.com\/rss\/articles\/CBMiiwFBVV95cUxNQkY1b0Q0OFBpX0VJYnBGaXZFYlM4ZHFuVkQ1RzlrcmRTYzFZSXpPcFBOZWJrTktGVDdaZVdScmhIbzZVR3VjQkNSSExBS3FRNEtXcnZISUFwQ2lIRGJqMmpjTTN2X1BJN1pjSXF5OEdZMmZKQnNKYzBUTmYwLXItcjZ4eFZBRXVqYk1R?oc=5\" target=\"_blank\" rel=\"nofollow noopener\">Hannes Rumm: Siim Kallas, saatejuht ja riigitegelane<\/a>&nbsp;&nbsp;L\u00e4\u00e4ne Elu<\/li>\n<li><a href=\"https:\/\/news.google.com\/rss\/articles\/CBMiuAFBVV95cUxQWmt0ZEN3bkZLcThNVnR1YnlKVU9tSW1Ndzc5dnk4cG1rbmpIVER2eVdWWEhqRFA4TVJ0clhZZFh3OW1WMTd0MnB6XzZpMlNjVVlFaVNuWEp2REpldU9VdHl1b2JHdE1OWmE2MnloTFZsU2ttLU1ZSTB4a3BoV0NJanJkRlluSmFac294Z1VpdVkyZmNDUmE4LVJuM2d2X3VXMFpOTW05YU1za0hxQUo1NUlPQXZUSkht?oc=5\" target=\"_blank\" rel=\"nofollow noopener\">TV3 uudised: Siim Kallas saadeti riikliku austusavaldusega viimsele teele<\/a>&nbsp;&nbsp;tv3.ee<\/li>\n<\/ol>\n","protected":false},"excerpt":{"rendered":"Aktuaalne kaamera (eesti viipekeeles), 2026.09.03 09:25&nbsp;&nbsp;Jupiter | ERR Kaja Kallase j\u00e4relh\u00fc\u00fce isale: sa olid pere jaoks alati olemas&nbsp;&nbsp;\u00c4rip\u00e4ev&hellip;\n","protected":false},"author":2,"featured_media":266914,"comment_status":"","ping_status":"","sticky":false,"template":"","format":"standard","meta":{"footnotes":"","_share_on_mastodon":"0"},"categories":[5],"tags":[26,27,37,33,35,34,36,31,32,21,28,29,19,25,23,24,22,20,30],"class_list":["post-266913","post","type-post","status-publish","format-standard","has-post-thumbnail","category-uldised-uudised","tag-breaking-news","tag-breakingnews","tag-ee","tag-eesti","tag-eesti-keel","tag-estonia","tag-estonian","tag-featured-news","tag-featurednews","tag-headlines","tag-latest-news","tag-latestnews","tag-news","tag-populaarseimad-lood","tag-top-stories","tag-topstories","tag-uldised-uudised","tag-uudised","tag-viimased-uudised"],"share_on_mastodon":{"url":"https:\/\/pubeurope.com\/@ee\/117202865662388203","error":""},"_links":{"self":[{"href":"https:\/\/www.europesays.com\/ee\/wp-json\/wp\/v2\/posts\/266913","targetHints":{"allow":["GET"]}}],"collection":[{"href":"https:\/\/www.europesays.com\/ee\/wp-json\/wp\/v2\/posts"}],"about":[{"href":"https:\/\/www.europesays.com\/ee\/wp-json\/wp\/v2\/types\/post"}],"author":[{"embeddable":true,"href":"https:\/\/www.europesays.com\/ee\/wp-json\/wp\/v2\/users\/2"}],"replies":[{"embeddable":true,"href":"https:\/\/www.europesays.com\/ee\/wp-json\/wp\/v2\/comments?post=266913"}],"version-history":[{"count":0,"href":"https:\/\/www.europesays.com\/ee\/wp-json\/wp\/v2\/posts\/266913\/revisions"}],"wp:featuredmedia":[{"embeddable":true,"href":"https:\/\/www.europesays.com\/ee\/wp-json\/wp\/v2\/media\/266914"}],"wp:attachment":[{"href":"https:\/\/www.europesays.com\/ee\/wp-json\/wp\/v2\/media?parent=266913"}],"wp:term":[{"taxonomy":"category","embeddable":true,"href":"https:\/\/www.europesays.com\/ee\/wp-json\/wp\/v2\/categories?post=266913"},{"taxonomy":"post_tag","embeddable":true,"href":"https:\/\/www.europesays.com\/ee\/wp-json\/wp\/v2\/tags?post=266913"}],"curies":[{"name":"wp","href":"https:\/\/api.w.org\/{rel}","templated":true}]}}