{"id":266917,"date":"2026-09-02T18:38:21","date_gmt":"2026-09-02T18:38:21","guid":{"rendered":"https:\/\/www.europesays.com\/ee\/266917\/"},"modified":"2026-09-02T18:38:21","modified_gmt":"2026-09-02T18:38:21","slug":"karjakoerte-kasvataja-on-katastroof-kui-borderkolli-jaab-diivanikoeraks-vikerraadio","status":"publish","type":"post","link":"https:\/\/www.europesays.com\/ee\/266917\/","title":{"rendered":"Karjakoerte kasvataja: on katastroof, kui borderkolli j\u00e4\u00e4b diivanikoeraks | Vikerraadio"},"content":{"rendered":"<p>Tootsi talu perenaine ja karjakoerte kasvataja Terell Pihlak r\u00e4\u00e4kis Vikerraadios, et borderkolli peab saama teha t\u00f6\u00f6d, sest on katastroof, kui peres on suure karjainstinktiga koer, keda ei \u00f5petata v\u00f5i kes j\u00e4\u00e4b diivanikoeraks. Kui t\u00f6\u00f6d teha ei taha, v\u00f5ib Pihlaku s\u00f5nul leida alternatiivi ka koeraspordi n\u00e4ol.<\/p>\n<p>Hellenurmes Tootsi talus selgusid n\u00e4dalavahetusel Eesti parimad karjakoerad, m\u00f5\u00f5tu v\u00f5ttis k\u00fcmme v\u00f5istluspaari.<\/p>\n<p>&#8220;Eelmise aasta meister, minu vanem koer, borderkolli Tete on juba pensioneerunud ja ei v\u00f5istle enam. Teise koha saavutas t\u00e4navusel karjakoerte MM-il Tete k\u00f5ige noorem, kolmeaastane kutsikas. Tete osales v\u00f5istlustel abikoerana, aidates lambaid v\u00f5istlejate jaoks valmis tuua,&#8221; \u00fctles Tootsi talu perenaine ja Eesti kennelliidu karjakoerte kogu esinaine\u00a0Terell Pihlak.<\/p>\n<p>Karjakoer ei ole t\u00f5ug, vaid t\u00e4hendab seda, et koer teeb karjaga t\u00f6\u00f6d.<\/p>\n<p>&#8220;Borderkolli peab saama teha t\u00f6\u00f6d, olgu see siis karjatamine, osalemine koeraspordis v\u00f5i otsingut\u00f6\u00f6del. Kui ta t\u00f6\u00f6d teha ei saa, m\u00f5tleb ta ise endale t\u00f6\u00f6\u00fclesandeid v\u00e4lja. Kujundab kodu natuke \u00fcmber v\u00f5i toob koju m\u00f5ned muud t\u00fc\u00fcbid, n\u00e4iteks kassid. Tema aju t\u00f6\u00f6tab kogu aeg,&#8221; selgitas Pihlak.<\/p>\n<p>&#8220;Koera pensionile minek ei s\u00f5ltu v\u00e4ga vanusest, vaid koera f\u00fc\u00fcsilisest vormist. Kuna Tete on oma elus nii palju t\u00f6\u00f6d teinud, on tal hakanud k\u00e4pad valutama ja ta on hakanud lonkama,&#8221; nentis perenaine.<\/p>\n<p>Pihlaku s\u00f5nul on see k\u00f5ige hullem variant, kui peres on suure karjainstinktiga koer ja teda ei \u00f5petata \u00fcldse v\u00f5i ta j\u00e4\u00e4b diivanikoeraks. &#8220;See on katastroof,&#8221; s\u00f5nas Pihlak.<\/p>\n<p>Koera \u00f5petamine algab distsipliinist. &#8220;Kord peab olema, juurde tuleb tulla, kui kutsutakse. S\u00f5na peab kuulama. Kariloomade juurest tuleb \u00e4ra tulla, kui kutsutakse. Kontakt omanikuga peab olema v\u00e4ga hea, et koeral tekiks soov teha t\u00f6\u00f6d oma inimese jaoks,&#8221; selgitas Pihlak.<\/p>\n<p>Koerte instinkt on nii tugev, et tegelikult teavad nad ise, kuidas seda t\u00f6\u00f6d peab tegema. &#8220;T\u00f6\u00f6tav karjakoer loeb lambaid palju paremini kui inimene. Suudab hinnata, kuhupoole kari hakkab liikuma, aga meil talunikena oma omad soovid, kuhu kari peaks minema.&#8221;<\/p>\n<p>&#8220;Meie talu vanemad lambad on juba t\u00e4iesti teadlikud, kuhu nad peavad minema ja sageli pole koera isegi vaja t\u00f6\u00f6sse saata, sest lammas vaatab, et koer tuleb ja on vaja lauta minna.&#8221;<\/p>\n<p>Lambad kardavad koera, see ongi kogu karjatamise m\u00f5te. &#8220;Lammas n\u00e4eb koeras ikkagi kiskjat, hunti. Samas vanad j\u00e4\u00e4rakarjad v\u00f5i siis emad talledega l\u00e4hevad kindlasti oma tallesid kaitsma ja astuvad koerale vastu. Nii v\u00f5ib tekkida ka olukord, kus inimesel on vaja koer p\u00e4\u00e4sta. Ka meie talus elab karja kaitsekoer, kes elab kogu aeg karjaga koos ja kaitseb oma karja. See toimib nii, et karja kaitsekoer on reeglina kursis, mida teevad karja ajajad ja ei l\u00e4he vahele ega segama,&#8221; selgitas Pihlak.<\/p>\n<p>&#8220;Tootsi talu v\u00f5iks \u00fcmber nimetada ka Tete taluks, sest Tetel oli lambaid vaja,&#8221; muheles Pihlak, kust sai omal ajal alguse m\u00f5te v\u00f5tta tallu lambad.<\/p>\n<p>&#8220;V\u00e4ga tore, kui inimene tahab v\u00f5tta endale diivanile s\u00f5braks koera, aga siis tuleb valida \u00f5ige t\u00f5ug. Neid t\u00f5uge on k\u00fcll ja veel, kes ei vaja liigset f\u00fc\u00fcsilist ega ajukoormust ja naudivadki just elu diivani peal ja on v\u00e4ga \u00f5nnelikud, aga borderkolli pole see koer, kes sobiks selliseks eluks. P\u00f5hjamaades ja Euroopas satuvad v\u00e4ga paljud borderid koerte varjupaikadesse, on olemas ka eraldi borderite varjupaigad. On v\u00f5etud t\u00f6\u00f6d teha tahtvad koerad, nendega ei j\u00f5uta t\u00f6\u00f6d teha ja siis l\u00e4heb asi k\u00e4est \u00e4ra,&#8221; nentis Pihlak. &#8220;Kui t\u00f6\u00f6d teha ei taha, v\u00f5ib leida alternatiivi ka koeraspordi n\u00e4ol.&#8221;<\/p>\n","protected":false},"excerpt":{"rendered":"Tootsi talu perenaine ja karjakoerte kasvataja Terell Pihlak r\u00e4\u00e4kis Vikerraadios, et borderkolli peab saama teha t\u00f6\u00f6d, sest on&hellip;\n","protected":false},"author":2,"featured_media":266918,"comment_status":"","ping_status":"","sticky":false,"template":"","format":"standard","meta":{"footnotes":"","_share_on_mastodon":"0"},"categories":[12],"tags":[30340,26,27,37,33,35,34,36,31,32,21,61259,103441,28,29,19,25,102741,102740,23,24,22,20,30],"class_list":["post-266917","post","type-post","status-publish","format-standard","has-post-thumbnail","category-eesti","tag-borderkolli","tag-breaking-news","tag-breakingnews","tag-ee","tag-eesti","tag-eesti-keel","tag-estonia","tag-estonian","tag-featured-news","tag-featurednews","tag-headlines","tag-karjakoer","tag-lambatalu","tag-latest-news","tag-latestnews","tag-news","tag-populaarseimad-lood","tag-terell-pihlak","tag-tootsi-talu","tag-top-stories","tag-topstories","tag-uldised-uudised","tag-uudised","tag-viimased-uudised"],"share_on_mastodon":{"url":"https:\/\/pubeurope.com\/@ee\/117202905265485346","error":""},"_links":{"self":[{"href":"https:\/\/www.europesays.com\/ee\/wp-json\/wp\/v2\/posts\/266917","targetHints":{"allow":["GET"]}}],"collection":[{"href":"https:\/\/www.europesays.com\/ee\/wp-json\/wp\/v2\/posts"}],"about":[{"href":"https:\/\/www.europesays.com\/ee\/wp-json\/wp\/v2\/types\/post"}],"author":[{"embeddable":true,"href":"https:\/\/www.europesays.com\/ee\/wp-json\/wp\/v2\/users\/2"}],"replies":[{"embeddable":true,"href":"https:\/\/www.europesays.com\/ee\/wp-json\/wp\/v2\/comments?post=266917"}],"version-history":[{"count":0,"href":"https:\/\/www.europesays.com\/ee\/wp-json\/wp\/v2\/posts\/266917\/revisions"}],"wp:featuredmedia":[{"embeddable":true,"href":"https:\/\/www.europesays.com\/ee\/wp-json\/wp\/v2\/media\/266918"}],"wp:attachment":[{"href":"https:\/\/www.europesays.com\/ee\/wp-json\/wp\/v2\/media?parent=266917"}],"wp:term":[{"taxonomy":"category","embeddable":true,"href":"https:\/\/www.europesays.com\/ee\/wp-json\/wp\/v2\/categories?post=266917"},{"taxonomy":"post_tag","embeddable":true,"href":"https:\/\/www.europesays.com\/ee\/wp-json\/wp\/v2\/tags?post=266917"}],"curies":[{"name":"wp","href":"https:\/\/api.w.org\/{rel}","templated":true}]}}