{"id":266921,"date":"2026-09-02T18:49:10","date_gmt":"2026-09-02T18:49:10","guid":{"rendered":"https:\/\/www.europesays.com\/ee\/266921\/"},"modified":"2026-09-02T18:49:10","modified_gmt":"2026-09-02T18:49:10","slug":"loputu-pidu-%e2%9f%a9-kurikuulsa-sotsmaja-juures-avatakse-uus-napsupood-abilinnapea-mul-vajusid-kaed-seda-kuulutust-nahes-lihtsalt-rippu","status":"publish","type":"post","link":"https:\/\/www.europesays.com\/ee\/266921\/","title":{"rendered":"L\u00d5PUTU PIDU! \u27e9 Kurikuulsa sotsmaja juures avatakse uus napsupood. Abilinnapea: mul vajusid k\u00e4ed seda kuulutust n\u00e4hes lihtsalt rippu"},"content":{"rendered":"<p>Aastaid on nii linnaametnikud kui P\u00f5hja-Tallinna kohalikud elanikud pidanud v\u00f5itlust Tuulemaa sotsmaja napsitrallidega. N\u00fc\u00fcd avatakse seal samas aga uus viinapood. \u00abOleme kuude kaupa ponnistanud, et elanikele rahu tagasi tuua, viinud sotsiaalmajast inimesi teistesse majutus\u00fcksustesse, palganud turvafirma, k\u00e4inud kohapeal inimestega r\u00e4\u00e4kimas, ja n\u00fc\u00fcd l\u00f6\u00f6b alkofirma, kes tahab viimase raha riisuda, k\u00f5ik uppi!\u00bb on Tallinna abilinnapea Riina Solman olukorrast l\u00f6\u00f6dud.<\/p>\n<p>Suve hakul kirjutasime, kuidas P\u00f5hja-Tallinnas asuva Tuulemaa sotsiaalmaja \u00fcmbruses on elanike mured paisunud sedav\u00f5rd suureks, et mitmed lastega pered on otsustanud sealt \u00e4ra kolida.<\/p>\n","protected":false},"excerpt":{"rendered":"Aastaid on nii linnaametnikud kui P\u00f5hja-Tallinna kohalikud elanikud pidanud v\u00f5itlust Tuulemaa sotsmaja napsitrallidega. N\u00fc\u00fcd avatakse seal samas aga&hellip;\n","protected":false},"author":2,"featured_media":266922,"comment_status":"","ping_status":"","sticky":false,"template":"","format":"standard","meta":{"footnotes":"","_share_on_mastodon":"0"},"categories":[12],"tags":[26,27,37,33,35,137,152,153,151,34,36,31,32,148,21,154,142,28,29,143,140,144,19,141,146,25,147,145,138,150,155,139,23,24,22,20,149,30],"class_list":["post-266921","post","type-post","status-publish","format-standard","has-post-thumbnail","category-eesti","tag-breaking-news","tag-breakingnews","tag-ee","tag-eesti","tag-eesti-keel","tag-elu","tag-elu-24","tag-elu24-ee","tag-erna-husko","tag-estonia","tag-estonian","tag-featured-news","tag-featurednews","tag-foto","tag-headlines","tag-koroonaviirus","tag-kuulsus","tag-latest-news","tag-latestnews","tag-live","tag-meelelahutus","tag-muusika","tag-news","tag-pidu","tag-pommuudis","tag-populaarseimad-lood","tag-reality","tag-saade","tag-saagim","tag-seks","tag-silvia-ilves","tag-staar","tag-top-stories","tag-topstories","tag-uldised-uudised","tag-uudised","tag-video","tag-viimased-uudised"],"share_on_mastodon":{"url":"","error":"Validation failed: Text character limit of 500 exceeded"},"_links":{"self":[{"href":"https:\/\/www.europesays.com\/ee\/wp-json\/wp\/v2\/posts\/266921","targetHints":{"allow":["GET"]}}],"collection":[{"href":"https:\/\/www.europesays.com\/ee\/wp-json\/wp\/v2\/posts"}],"about":[{"href":"https:\/\/www.europesays.com\/ee\/wp-json\/wp\/v2\/types\/post"}],"author":[{"embeddable":true,"href":"https:\/\/www.europesays.com\/ee\/wp-json\/wp\/v2\/users\/2"}],"replies":[{"embeddable":true,"href":"https:\/\/www.europesays.com\/ee\/wp-json\/wp\/v2\/comments?post=266921"}],"version-history":[{"count":0,"href":"https:\/\/www.europesays.com\/ee\/wp-json\/wp\/v2\/posts\/266921\/revisions"}],"wp:featuredmedia":[{"embeddable":true,"href":"https:\/\/www.europesays.com\/ee\/wp-json\/wp\/v2\/media\/266922"}],"wp:attachment":[{"href":"https:\/\/www.europesays.com\/ee\/wp-json\/wp\/v2\/media?parent=266921"}],"wp:term":[{"taxonomy":"category","embeddable":true,"href":"https:\/\/www.europesays.com\/ee\/wp-json\/wp\/v2\/categories?post=266921"},{"taxonomy":"post_tag","embeddable":true,"href":"https:\/\/www.europesays.com\/ee\/wp-json\/wp\/v2\/tags?post=266921"}],"curies":[{"name":"wp","href":"https:\/\/api.w.org\/{rel}","templated":true}]}}