{"id":266923,"date":"2026-09-02T18:50:10","date_gmt":"2026-09-02T18:50:10","guid":{"rendered":"https:\/\/www.europesays.com\/ee\/266923\/"},"modified":"2026-09-02T18:50:10","modified_gmt":"2026-09-02T18:50:10","slug":"zenjov-keskvaljalt-sundinud-varavast-enam-pole-joudu-joosta-peangi-sealt-looma-pedmanson-kolm-lasta-on-palju-soccernet-ee","status":"publish","type":"post","link":"https:\/\/www.europesays.com\/ee\/266923\/","title":{"rendered":"Zenjov keskv\u00e4ljalt s\u00fcndinud v\u00e4ravast: enam pole j\u00f5udu joosta, peangi sealt l\u00f6\u00f6ma! (Pedmanson: kolm lasta on palju) &#8211; Soccernet.ee"},"content":{"rendered":"<p><img decoding=\"async\" src=\"https:\/\/www.europesays.com\/ee\/wp-content\/uploads\/2026\/09\/1783542732.jpg\" alt=\"Sergei Zenjov. Foto: Anna Andreas\"\/>&#13;\n<\/p>\n<p>Tallinna FC Flora eest kaks v\u00e4ravat l\u00f6\u00f6nud ja meeskonna sel hooajal esmakordselt Tartu Tammeka vastu v\u00f5idule aidanud r\u00fcndaja Sergei Zenjov lausus kohtumise j\u00e4rel naljaga pooleks, et nii kogenud mehed peavadki 40 meetrilt juba pealel\u00f6\u00f6ki proovima.<\/p>\n<p>&#8220;Meil praegu midagi kergelt ei tule! K\u00f5ige t\u00e4htsam ongi praegu kolm punkti, teised asjad ei ole nii t\u00e4htsad. Peame v\u00f5itlema t\u00e4iega ja teenima punkte nii kuidas oskame,&#8221; lausus ta Soccernet.ee-le antud m\u00e4nguj\u00e4rgses intervjuus. &#8220;Tammeka on hea meeskond, neil on head m\u00e4ngijad, kvaliteeti on. Kindlasti ei ole nad selline meeskond nagu eelmisel aastal. Hea treener, head m\u00e4ngijad v\u00e4lismaalt,&#8221; kiitis ta vastast.&#13;\n<\/p>\n<p>Osalt olude sunnil pidi Zenjov seekord tegutsema tipur\u00fcndajana, ent kogemused lubasid tal seal h\u00e4sti hakkama saada. &#8220;T\u00e4na oli okei, ruumi oli p\u00e4ris palju, kuhu joosta, Hoidsin j\u00f5udu jooksude jaoks, kaitses palju ei raisanud,&#8221; muigas 37-aastane m\u00e4ngumees. &#8220;Eelmine kord \u00fctlesin, et r\u00fcndes ei tahaks rohkem m\u00e4ngida, t\u00e4na \u00fctlen, et v\u00f5iks veel korra proovida!&#8221;&#13;\n<\/p>\n<p>Avapoolajal saatis s\u00f6\u00f6du vahelt l\u00f5iganud Zenjov palli v\u00e4ravasse ligi 40 meetrilt. &#8220;Kui noorem olin, hakkasin jooksma. Praegu pole enam j\u00f5udu joosta, pean l\u00f6\u00f6ma!&#8221; l\u00f5\u00f5pis ta j\u00e4lle. &#8220;Vaatasin juba viis minutit enne seda, et v\u00e4ravavaht on p\u00e4ris kaugel v\u00e4ljas, ja m\u00f5tlesin, et kui v\u00f5imalus tuleb, kohe l\u00f6\u00f6n. Ja tuligi nii v\u00e4lja! J\u00f5udsin korraks pea ka t\u00f5sta ja n\u00e4gin.&#8221;<\/p>\n<p>Tammeka poolkaitsja Herman Pedmanson kiitis alustuseks f\u00e4nne, kes n\u00e4dala keskel Tallinnasse j\u00f5udsid. &#8220;Igati tore ja neid on ka v\u00e4ljakul tunda! Flora on A. Le Coqil alati klass omaette. Nemad l\u00f5id oma v\u00f5imalused \u00e4ra, meie ei realiseerinud poolmomente nii h\u00e4sti kui oleks v\u00f5inud. Vahel tuleb selliseid asju ette, nagu see teine v\u00e4rav. Et sealt \u00e4ra l\u00f6\u00f6di, on veel omaette teema! Ei \u00fctleks, et me lohakad olime, aga kolm v\u00e4ravat lasta on muidugi palju. Kui millegi taha pugeda, siis on see keskmisest tihedam m\u00e4ngugraafik, aga ma ei usu, et see meid v\u00e4ga palju m\u00f5jutas.&#8221;&#13;\n<\/p>\n<p>Pedmanson t\u00f5i avapoolaja l\u00f5pus l\u00f6\u00f6dud v\u00e4ravaga Tammeka tagasi m\u00e4ngu, suunates Patrick Genro Veelma t\u00f5ste Evert Gr\u00fcnvaldi selja taha. &#8220;N\u00e4gin, et Patrickule tuli natuke ebamugav pall. Tundus, et ta tahab seda \u00fche puutega kasti tagasi l\u00fc\u00fca. Sain hooga liini taha joosta, tundus juba, et l\u00e4heb pikaks, aga libistasin, j\u00f5udsin ja l\u00e4ks sisse ka,&#8221; kirjeldas Pedmanson.&#13;\n<\/p>\n<p>Tammeka tundis l\u00f5puminutitel ka viigih\u00f5ngu. &#8220;Viimased neli m\u00e4ngu on olnud nii, et kuidagi pigistame sellistest olukordadest v\u00e4ravad v\u00e4lja. T\u00e4na ei tulnud. Loodetavasti j\u00e4rgmises m\u00e4ngus v\u00f5tame \u00e4ra,&#8221; lausus Pedmanson, andes l\u00f5petuseks konkreetse vastuse k\u00fcsimusele, kas Tammeka j\u00e4tkab medalite nimel v\u00f5itlemist: &#8220;Jaa, kindlasti!&#8221;<\/p>\n","protected":false},"excerpt":{"rendered":"&#13; Tallinna FC Flora eest kaks v\u00e4ravat l\u00f6\u00f6nud ja meeskonna sel hooajal esmakordselt Tartu Tammeka vastu v\u00f5idule aidanud&hellip;\n","protected":false},"author":2,"featured_media":266924,"comment_status":"","ping_status":"","sticky":false,"template":"","format":"standard","meta":{"footnotes":"","_share_on_mastodon":"0"},"categories":[5],"tags":[26,27,37,33,35,34,36,161,31,32,163,21,25714,454,28,29,19,20102,25,167,5492,701,702,23,24,22,20,30,9622],"class_list":["post-266923","post","type-post","status-publish","format-standard","has-post-thumbnail","category-uldised-uudised","tag-breaking-news","tag-breakingnews","tag-ee","tag-eesti","tag-eesti-keel","tag-estonia","tag-estonian","tag-fc-flora","tag-featured-news","tag-featurednews","tag-flora","tag-headlines","tag-herman-pedmanson","tag-jarelkaja","tag-latest-news","tag-latestnews","tag-news","tag-pedmanson","tag-populaarseimad-lood","tag-premium-liiga","tag-sergei-zenjov","tag-tammeka","tag-tartu-tammeka","tag-top-stories","tag-topstories","tag-uldised-uudised","tag-uudised","tag-viimased-uudised","tag-zenjov"],"share_on_mastodon":{"url":"https:\/\/pubeurope.com\/@ee\/117202952731105894","error":""},"_links":{"self":[{"href":"https:\/\/www.europesays.com\/ee\/wp-json\/wp\/v2\/posts\/266923","targetHints":{"allow":["GET"]}}],"collection":[{"href":"https:\/\/www.europesays.com\/ee\/wp-json\/wp\/v2\/posts"}],"about":[{"href":"https:\/\/www.europesays.com\/ee\/wp-json\/wp\/v2\/types\/post"}],"author":[{"embeddable":true,"href":"https:\/\/www.europesays.com\/ee\/wp-json\/wp\/v2\/users\/2"}],"replies":[{"embeddable":true,"href":"https:\/\/www.europesays.com\/ee\/wp-json\/wp\/v2\/comments?post=266923"}],"version-history":[{"count":0,"href":"https:\/\/www.europesays.com\/ee\/wp-json\/wp\/v2\/posts\/266923\/revisions"}],"wp:featuredmedia":[{"embeddable":true,"href":"https:\/\/www.europesays.com\/ee\/wp-json\/wp\/v2\/media\/266924"}],"wp:attachment":[{"href":"https:\/\/www.europesays.com\/ee\/wp-json\/wp\/v2\/media?parent=266923"}],"wp:term":[{"taxonomy":"category","embeddable":true,"href":"https:\/\/www.europesays.com\/ee\/wp-json\/wp\/v2\/categories?post=266923"},{"taxonomy":"post_tag","embeddable":true,"href":"https:\/\/www.europesays.com\/ee\/wp-json\/wp\/v2\/tags?post=266923"}],"curies":[{"name":"wp","href":"https:\/\/api.w.org\/{rel}","templated":true}]}}