{"id":266929,"date":"2026-09-02T19:01:11","date_gmt":"2026-09-02T19:01:11","guid":{"rendered":"https:\/\/www.europesays.com\/ee\/266929\/"},"modified":"2026-09-02T19:01:11","modified_gmt":"2026-09-02T19:01:11","slug":"video-hanno-pevkur-teatas-et-astub-kaitseministri-ametist-tagasi","status":"publish","type":"post","link":"https:\/\/www.europesays.com\/ee\/266929\/","title":{"rendered":"VIDEO | Hanno Pevkur teatas, et astub kaitseministri ametist tagasi"},"content":{"rendered":"<p class=\"isSelectedEnd\">Pevkur \u00fctles \u201eAktuaalse kaamera\u201c otse-eetris, et juhil peab olema julgus v\u00f5tta poliitiline vastutus. \u201eMul pole mingit probleemi seda vastutust v\u00f5tta. V\u00f5tan  selle vastutuse ning peaminister   peab leidma uue kaitseministri.\u201c<\/p>\n<p class=\"isSelectedEnd\">Pevkur selgitas Delfile, et otsustas v\u00f5tta poliitilise vastutuse, sest tal polnud enam parlamendi enamuse toetust.<\/p>\n<p>\u201eIga poliitik peab suutma lugeda parlamendi meelsust. T\u00e4nase p\u00e4eva jooksul sai see mulle \u00fcsna selgeks,\u201c \u00fctles Pevkur. \u201eKui t\u00f6\u00f6andja ehk parlamendi enamuse toetust ei ole, tuleb vastutus v\u00f5tta s\u00f5ltumata sellest, milline on su isiklik tunnetus.\u201c<\/p>\n<p>Pevkuri s\u00f5nul oli tagasiastumine riigimehelik otsus, mis peab ennek\u00f5ike teenima Eesti riigikaitse huve. Ta m\u00f6\u00f6nis, et kaitsevaldkonnas edasi liikumiseks on vaja pingeid maandada.<\/p>\n<p>K\u00fcsimusele, mida ta oleks ministrina v\u00f5inud teisiti teha, Pevkur otseselt ei vastanud. K\u00fcll aga r\u00f5hutas ta, et peab oma ametiajal tehtud riigikaitseotsuseid \u00f5igeks.<\/p>\n<p>\u201eRiigikaitsekulude t\u00f5stmine viiele protsendile on olnud \u00fcli\u00f5ige ja vajalik. T\u00e4pselt samamoodi keskmaa \u00f5hut\u00f5rje ja laevat\u00f5rje soetamine, diviisi loomine ning s\u00f5jaaja koosseisu suurendamine 40 000 v\u00f5itlejani,\u201c loetles Pevkur.<\/p>\n<p>Tema s\u00f5nul ei p\u00f6\u00f6raks ta \u00fchtegi neist otsustest tagasi. \u201ePigem vastupidi \u2013 kui meil oleks varem olnud rohkem vahendeid, oleksime pidanud juba varem soetama ka rohkem laskemoona.\u201c<\/p>\n<p>Pevkur m\u00e4rkis, et tal on olnud suur au teenida Eesti rahvast kaitseministrina \u00fcle nelja aasta. Oma edasiste plaanide, sealhulgas riigikokku naasmise ja j\u00e4rgmistel valimistel kandideerimise kohta ta veel selget vastust ei andnud.<\/p>\n<p>\u201eLaseme natuke vett merre voolata ja v\u00f5tame m\u00f5tlemiseks aega. Mis edasi saab, seda n\u00e4itab aeg,\u201c \u00fctles Pevkur. Tema hinnangul saab kaitsevaldkonna juhtimise uuele ministrile \u00fcle anda k\u00f5ige varem p\u00e4rast parlamendi kogunemist 14. septembril.<\/p>\n<p>Segadus viis Pevkuri ametist<\/p>\n<p>Pevkuri j\u00e4tkamise k\u00fcsimus kerkis teravalt p\u00e4evakorda muu seas p\u00e4rast Eesti                   Ekspressi t\u00e4nast paljastust, et riigi kaitseinvesteeringute keskus (RKIK) maksis 2024. aastal ligi 70 miljonit eurot ettemaksu        India kaitset\u00f6\u00f6stusfirmale, kellelt loodeti hankida Ukrainale m\u00fcrske. Ettev\u00f5te polnud varem \u00fchtegi m\u00fcrsku m\u00fc\u00fcnud ning Eesti pole tellitud laskemoona seni k\u00e4tte saanud.<\/p>\n<p><a href=\"https:\/\/ekspress.delfi.ee\/artikkel\/120607714\/eesti-maksis-70-miljonit-eurot-indialastele-kes-polnud-varem-uhtegi-mursku-muunud#dalrel-in-article\" class=\"content-embedded-articles-single__embedded-article\" data-v-6f4d311d=\"\" rel=\"nofollow noopener\" target=\"_blank\"><\/p>\n<p>02.09.2026<\/p>\n<p>Eesti maksis 70 miljonit eurot indialastele, kes polnud varem \u00fchtegi m\u00fcrsku m\u00fc\u00fcnud(807)<\/p>\n<p><\/a><\/p>\n<p class=\"isSelectedEnd\">RKIK s\u00f5lmis Dataseliga esimese m\u00fc\u00fcgilepingu 2024. aasta augustis ning kandis ettev\u00f5ttele 15 miljonit eurot. J\u00e4rgnes veel kolm lepingut ja ettemakset, kuni v\u00e4lja                makstud summa ulatus umbes 70 miljoni euroni. Selleks ajaks oli esimese tarnega juba probleeme tekkinud.<\/p>\n<p class=\"isSelectedEnd\">Ekspressi andmetel olid suuremate hangete ja nendega seotud riskidega kursis ka kaitseministeeriumi juhid. RKIKi endise juhi Magnus-Valdemar Saare                                                                               s\u00f5nul ei tehtud suuri otsuseid ministeeriumi juhtkonna heakskiiduta ning riskid k\u00e4isid l\u00e4bi ministri otsustuskoosolekutelt.    Pevkur on \u00f6elnud, et konkreetsete partnerite valimise, lepingutingimuste ja maksegraafikute eest vastutas RKIK. <\/p>\n<p><a href=\"http:\/\/www.delfi.ee\/artikkel\/120606702\/riigikontroll-jatkuv-segadus-kaitseministeeriumi-vastutusalas-kasvatab-riigi-vara-kuritarvitamise-riski#dalrel-in-article\" class=\"content-embedded-articles-single__embedded-article\" data-v-6f4d311d=\"\" rel=\"nofollow noopener\" target=\"_blank\"><\/p>\n<p>28.08.2026<\/p>\n<p>Riigikontroll: j\u00e4tkuv segadus kaitseministeeriumi vastutusalas kasvatab riigi vara kuritarvitamise riski(232)<\/p>\n<p><\/a><\/p>\n<p class=\"isSelectedEnd\">Pevkurile lisas survet m\u00f6\u00f6dunud n\u00e4dalal avaldatud riigikontrolli audit, mis leidis kaitseministeeriumi valitsemisala raha- ja varaarvestuses taas hulgaliselt t\u00f5siseid probleeme.           Riigikontroll tegi muu hulgas m\u00e4rkuse 1,2 miljardi euro suuruse varude saldo \u00f5igsuse kohta ning hoiatas, et puudused suurendavad riigi raha ja vara v\u00e4\u00e4rkasutamise riski.<\/p>\n<p class=\"isSelectedEnd\">Auditist selgus ka, et RKIKi ja kaitsev\u00e4e probleemid puudutavad lepingute haldamist, ettemaksete \u00fcle arvestuse pidamist ning kauba kohalej\u00f5udmise ja arvelev\u00f5tmise j\u00e4lgimist. Riigikontrolli hinnangul ei j\u00e4rgita valitsemisalas j\u00e4tkuvalt ka ministri kehtestatud p\u00f5him\u00f5tteid ja reegleid.<\/p>\n<p class=\"isSelectedEnd\">Samuti sai eile                     avalikuks, et prokuratuur alustas juba mullu oktoobris kaitseministeeriumi rahaasjadega seoses kriminaalmenetlust. Menetluses kontrollitakse kaitseministeeriumi valitsemisala varude kajastamise \u00f5igsust ning kahtlustust kellelegi esitatud pole. Kriminaalmenetlus ei puuduta eba\u00f5nnestunud m\u00fcrsuhanget.<\/p>\n<p><a href=\"https:\/\/ekspress.delfi.ee\/artikkel\/120607979\/prokuratuur-uurib-kas-keegi-kaotas-meelega-kaitseministeeriumi-valitsemisalast-dokumente-ara#dalrel-in-article\" class=\"content-embedded-articles-double__embedded-article\" data-v-a517420a=\"\" rel=\"nofollow noopener\" target=\"_blank\"><\/p>\n<p>02.09.2026<\/p>\n<p>Prokuratuur uurib, kas keegi kaotas meelega kaitseministeeriumi valitsemisalast dokumente \u00e4ra(123)<\/p>\n<p><\/a><a href=\"https:\/\/ekspress.delfi.ee\/artikkel\/120607700\/kriminaalasi-prokuratuur-uurib-segadust-kaitseministeeriumi-raamatupidamises#dalrel-in-article\" class=\"content-embedded-articles-double__embedded-article\" data-v-a517420a=\"\" rel=\"nofollow noopener\" target=\"_blank\"><\/p>\n<p>01.09.2026<\/p>\n<p>Kriminaalasi. Prokuratuur uurib segadust kaitseministeeriumi raamatupidamises(306)<\/p>\n<p><\/a><\/p>\n<p class=\"isSelectedEnd\">Kolmap\u00e4eval arutas olukorda Reformierakonna fraktsioon. Peaminister Kristen Michal \u00fctles     p\u00e4rast koosolekut, et Pevkuri v\u00e4ljavahetamise otsust pole tehtud, kuid r\u00f5hutas, et tekkinud olukorras lasub                        kaitseministril poliitiline vastutus. \u201eSelle otsuse saab teha kaitseminister ise,\u201c s\u00f5nas Michal.<\/p>\n<p>Pevkuri j\u00e4tkamise suhtes v\u00e4ljendas                                    selget kahtlust ka koalitsioonipartner Eesti 200. Fraktsiooni juht Toomas Uibo \u00fctles kolmap\u00e4eva hommikul, et tema isiklikult            ei n\u00e4e v\u00f5imalust, kuidas Pevkur saaks kaitseministrina j\u00e4tkata.<\/p>\n<p><a href=\"http:\/\/www.delfi.ee\/artikkel\/120607829\/michal-kaitseminister-pevkur-tana-tagasi-ei-astu#dalrel-in-article\" class=\"content-embedded-articles-double__embedded-article\" data-v-a517420a=\"\" rel=\"nofollow noopener\" target=\"_blank\"><\/p>\n<p>02.09.2026<\/p>\n<p>VIDEO | Michal: kaitseminister Pevkur t\u00e4na tagasi ei astu. Olen aga tehtud otsuste suhtes kriitiline(351)<\/p>\n<p><\/a><a href=\"http:\/\/www.delfi.ee\/artikkel\/120607827\/kaitseminister-hanno-pevkur-ma-ei-hoia-oma-ministritoolist-kumne-kuunega-kinni#dalrel-in-article\" class=\"content-embedded-articles-double__embedded-article\" data-v-a517420a=\"\" rel=\"nofollow noopener\" target=\"_blank\"><\/p>\n<p>02.09.2026<\/p>\n<p>VIDEO | Pevkur tagasiastumisest: mina j\u00e4tkan oma tegevustega, aga pole \u00fchestki toolist kinni hoidnud (235)<\/p>\n<p><\/a>Kuidas see lugu Sind end tundma pani?Saada<a href=\"https:\/\/www.delfi.ee\/artikkel\/120607983\/hanno-pevkur-teatas-et-astub-kaitseministri-ametist-tagasi\/kommentaarid\" class=\"button button--primary button--size-auto article-body-bottom__comment article-body-bottom__comment--write\" style=\"\" rel=\"nofollow noopener\" target=\"_blank\">Kommenteeri<\/a><a href=\"https:\/\/www.delfi.ee\/artikkel\/120607983\/hanno-pevkur-teatas-et-astub-kaitseministri-ametist-tagasi\/kommentaarid\" class=\"button button--size-auto article-body-bottom__comment article-body-bottom__comment--read\" style=\"\" rel=\"nofollow noopener\" target=\"_blank\">Loe kommentaare (176)<\/a><\/p>\n","protected":false},"excerpt":{"rendered":"Pevkur \u00fctles \u201eAktuaalse kaamera\u201c otse-eetris, et juhil peab olema julgus v\u00f5tta poliitiline vastutus. \u201eMul pole mingit probleemi seda&hellip;\n","protected":false},"author":2,"featured_media":266930,"comment_status":"","ping_status":"","sticky":false,"template":"","format":"standard","meta":{"footnotes":"","_share_on_mastodon":"0"},"categories":[5],"tags":[26,27,37,33,35,34,36,31,32,492,21,28,29,19,25,23,24,22,20,30],"class_list":["post-266929","post","type-post","status-publish","format-standard","has-post-thumbnail","category-uldised-uudised","tag-breaking-news","tag-breakingnews","tag-ee","tag-eesti","tag-eesti-keel","tag-estonia","tag-estonian","tag-featured-news","tag-featurednews","tag-hanno-pevkur","tag-headlines","tag-latest-news","tag-latestnews","tag-news","tag-populaarseimad-lood","tag-top-stories","tag-topstories","tag-uldised-uudised","tag-uudised","tag-viimased-uudised"],"share_on_mastodon":{"url":"https:\/\/pubeurope.com\/@ee\/117202995486592997","error":""},"_links":{"self":[{"href":"https:\/\/www.europesays.com\/ee\/wp-json\/wp\/v2\/posts\/266929","targetHints":{"allow":["GET"]}}],"collection":[{"href":"https:\/\/www.europesays.com\/ee\/wp-json\/wp\/v2\/posts"}],"about":[{"href":"https:\/\/www.europesays.com\/ee\/wp-json\/wp\/v2\/types\/post"}],"author":[{"embeddable":true,"href":"https:\/\/www.europesays.com\/ee\/wp-json\/wp\/v2\/users\/2"}],"replies":[{"embeddable":true,"href":"https:\/\/www.europesays.com\/ee\/wp-json\/wp\/v2\/comments?post=266929"}],"version-history":[{"count":0,"href":"https:\/\/www.europesays.com\/ee\/wp-json\/wp\/v2\/posts\/266929\/revisions"}],"wp:featuredmedia":[{"embeddable":true,"href":"https:\/\/www.europesays.com\/ee\/wp-json\/wp\/v2\/media\/266930"}],"wp:attachment":[{"href":"https:\/\/www.europesays.com\/ee\/wp-json\/wp\/v2\/media?parent=266929"}],"wp:term":[{"taxonomy":"category","embeddable":true,"href":"https:\/\/www.europesays.com\/ee\/wp-json\/wp\/v2\/categories?post=266929"},{"taxonomy":"post_tag","embeddable":true,"href":"https:\/\/www.europesays.com\/ee\/wp-json\/wp\/v2\/tags?post=266929"}],"curies":[{"name":"wp","href":"https:\/\/api.w.org\/{rel}","templated":true}]}}