{"id":266933,"date":"2026-09-02T19:11:08","date_gmt":"2026-09-02T19:11:08","guid":{"rendered":"https:\/\/www.europesays.com\/ee\/266933\/"},"modified":"2026-09-02T19:11:08","modified_gmt":"2026-09-02T19:11:08","slug":"mille-eest-seni-eesti-ministrid-tagasi-on-astunud","status":"publish","type":"post","link":"https:\/\/www.europesays.com\/ee\/266933\/","title":{"rendered":"Mille eest seni Eesti ministrid tagasi on astunud"},"content":{"rendered":"<p>Kaitseminister Hanno Pevkur teatas kolmap\u00e4eva \u00f5htul tagasistumisest. P\u00f5hjuseks on 1,2 miljardi eurone segadus kaitsevaldkonna rahadega. Lisaks selgus vahepeal, et v\u00e4hemalt 70 miljonit eurot sellest on antud India firmale mitte midagi vastu saamata. Allj\u00e4rgnevalt v\u00e4ike valik selle kohta, milline Eesti minister ja mille eest varem tagasi astunud on.<\/p>\n<p>Signe Kivi astus kultuuriministri kohalt tagasi 2002. aastal, kui tuli avalikuks, et kultuurikapitali juht Avo Viiol m\u00e4ngis kasiinodes maha kultuurkapitali raha.<\/p>\n","protected":false},"excerpt":{"rendered":"Kaitseminister Hanno Pevkur teatas kolmap\u00e4eva \u00f5htul tagasistumisest. P\u00f5hjuseks on 1,2 miljardi eurone segadus kaitsevaldkonna rahadega. Lisaks selgus vahepeal,&hellip;\n","protected":false},"author":2,"featured_media":266934,"comment_status":"","ping_status":"","sticky":false,"template":"","format":"standard","meta":{"footnotes":"","_share_on_mastodon":"0"},"categories":[12],"tags":[26,27,37,33,35,10128,37815,34,36,31,32,492,21,853,746,13758,28,29,11236,5640,103447,103448,19,53624,25,36554,103446,23,24,22,20,30],"class_list":["post-266933","post","type-post","status-publish","format-standard","has-post-thumbnail","category-eesti","tag-breaking-news","tag-breakingnews","tag-ee","tag-eesti","tag-eesti-keel","tag-eesti-poliitika","tag-eesti-valitsus","tag-estonia","tag-estonian","tag-featured-news","tag-featurednews","tag-hanno-pevkur","tag-headlines","tag-jevgeni-ossinovski","tag-jurgen-ligi","tag-kalle-laanet","tag-latest-news","tag-latestnews","tag-liina-kersna","tag-mailis-reps","tag-mihhail-korb","tag-ministri-tagasiastumine","tag-news","tag-poliitiline-vastutus","tag-populaarseimad-lood","tag-signe-kivi","tag-tiit-tammsaar","tag-top-stories","tag-topstories","tag-uldised-uudised","tag-uudised","tag-viimased-uudised"],"share_on_mastodon":{"url":"https:\/\/pubeurope.com\/@ee\/117203035283662983","error":""},"_links":{"self":[{"href":"https:\/\/www.europesays.com\/ee\/wp-json\/wp\/v2\/posts\/266933","targetHints":{"allow":["GET"]}}],"collection":[{"href":"https:\/\/www.europesays.com\/ee\/wp-json\/wp\/v2\/posts"}],"about":[{"href":"https:\/\/www.europesays.com\/ee\/wp-json\/wp\/v2\/types\/post"}],"author":[{"embeddable":true,"href":"https:\/\/www.europesays.com\/ee\/wp-json\/wp\/v2\/users\/2"}],"replies":[{"embeddable":true,"href":"https:\/\/www.europesays.com\/ee\/wp-json\/wp\/v2\/comments?post=266933"}],"version-history":[{"count":0,"href":"https:\/\/www.europesays.com\/ee\/wp-json\/wp\/v2\/posts\/266933\/revisions"}],"wp:featuredmedia":[{"embeddable":true,"href":"https:\/\/www.europesays.com\/ee\/wp-json\/wp\/v2\/media\/266934"}],"wp:attachment":[{"href":"https:\/\/www.europesays.com\/ee\/wp-json\/wp\/v2\/media?parent=266933"}],"wp:term":[{"taxonomy":"category","embeddable":true,"href":"https:\/\/www.europesays.com\/ee\/wp-json\/wp\/v2\/categories?post=266933"},{"taxonomy":"post_tag","embeddable":true,"href":"https:\/\/www.europesays.com\/ee\/wp-json\/wp\/v2\/tags?post=266933"}],"curies":[{"name":"wp","href":"https:\/\/api.w.org\/{rel}","templated":true}]}}