{"id":266935,"date":"2026-09-02T19:12:16","date_gmt":"2026-09-02T19:12:16","guid":{"rendered":"https:\/\/www.europesays.com\/ee\/266935\/"},"modified":"2026-09-02T19:12:16","modified_gmt":"2026-09-02T19:12:16","slug":"keskkonnaamet-kohus-peatas-15-paevaks-karu-nuhtlusisendite-kuttimise","status":"publish","type":"post","link":"https:\/\/www.europesays.com\/ee\/266935\/","title":{"rendered":"Keskkonnaamet: kohus peatas 15 p\u00e4evaks karu nuhtlusisendite k\u00fcttimise"},"content":{"rendered":"<p>            <a href=\"https:\/\/www.europesays.com\/ee\/wp-content\/uploads\/2026\/09\/pruunkaru-alari-palumaa.jpg\" data-caption=\"Foto: jahimehe rajakaamera\"><img loading=\"lazy\" decoding=\"async\" width=\"1600\" height=\"1200\" class=\"entry-thumb td-modal-image\" src=\"https:\/\/www.europesays.com\/ee\/wp-content\/uploads\/2026\/09\/pruunkaru-alari-palumaa.jpg\"   alt=\"\" title=\"pruunkaru alari palumaa\"\/><\/a>Foto: jahimehe rajakaamera<\/p>\n<p>MT\u00dc Eesti suurkiskjad vaidlustas kohtus 12 Keskkonnaameti korraldust karu nuhtlusisendite k\u00fcttimiseks. Tallinna halduskohus rahuldas MT\u00dc esialgse \u00f5iguskaitse taotluse ja peatas ajutiselt vaidlusaluste karu k\u00fcttimist lubavate korralduste kehtivuse. <\/p>\n<p>Keskkonnaameti peadirektor Rainer Vakra \u00fctles, et erilubade andmine on olnud ainu\u00f5ige valik olukorras, kus karu on muutunud inimesele ohtlikuks. \u201eInimese turvalisuse tagamiseks peab olema v\u00f5imalik probleemselt k\u00e4ituvad loomad k\u00fcttida. Keskkonnaamet on andnud sel aastal igati kaalutletud ja p\u00f5hjendatud erilubasid. Lisaks toetame ennetusmeetmete rakendamist, teeme teavitust\u00f6\u00f6d, kogume t\u00f5endeid, suhtleme kogukondade ja jahimeestega \u2013 teeme k\u00f5ik endast oleneva, et karudel l\u00e4heks Eestis liigina j\u00e4tkuvalt h\u00e4sti. Aga ohtlikult k\u00e4ituvate loomade probleem tuleb lahendada enne, kui see muutub t\u00f5siselt traagiliseks,\u201c \u00fctles Vakra.<\/p>\n<p>Keskkonnaamet vaidleb kaebusele vastu ja taotleb karu k\u00fcttimislubade kehtivuse j\u00e4tkumist.<\/p>\n<p>Karu k\u00fcttimiseks antakse eriluba\u00a0 siis, kui vaatamata t\u00f5rjeaedadele, peletusvahenditele ning inimeste ja eluhoonete vahetule l\u00e4hedusele j\u00e4tkab karu n\u00e4iteks mesitarude l\u00f5hkumist v\u00f5i kui tegemist on loomaga, kes inimest \u00fcldse ei karda ning tuleb peletamisele vaatamata korduvalt asulasse tagasi. Sellisel juhul v\u00f5ib ta kujutada endast juba otsest ohtu. Iga k\u00fcttimisluba on kaalutud eraldi ning antud siis, kui on p\u00f5hjust siduda karu probleemse k\u00e4itumisega, mis juba on kaasa toonud varalist kahju v\u00f5i ohtusid ning kus leebemad ennetusmeetmed ei v\u00f5imalda edasist ohtu piisavalt maandada. K\u00fcttimisluba on antud n\u00e4iteks olukorras, kus karud korduvalt p\u00f5hjustanud ohuolukordi ning oma julge k\u00e4itumisega ohustanud inimeste turvalisust v\u00f5i tekitanud olulist kahju kariloomadele, p\u00f5llumajandustoodangule, mesitarudele.\u00a0<\/p>\n<p>Pruunkarude populatsioon on olnud kasvutrendis alates 2013. aastast ning neid on praegu Eestis hinnanguliselt ligikaudu 1100. Kokku on Keskkonnaamet andnud t\u00e4navu s\u00fcgisel korraldusi 30 probleemselt k\u00e4ituva looma k\u00fcttimiseks. Jahimehed on nende lubade alusel k\u00fcttinud 9 looma.<\/p>\n<p>Kliimaministeerium muutis aprillis jahieeskirja nii, et karu tohib edaspidi k\u00fcttida vaid Keskkonnaameti eriloal ning kindla algus- ja l\u00f5pukuup\u00e4evaga karujahi hooaega enam ei ole. Eriloa v\u00f5ib Keskkonnaamet anda aastaringselt tingimustel, et andmise otsus on eelnevalt p\u00f5hjalikult kaalutud. Eriloa karu k\u00fcttimiseks saab anda \u00fcksnes korduvate karukahjustuste v\u00e4ltimiseks ja ohusituatsioonide ennetamiseks.<\/p>\n<p>Karu v\u00f5i m\u00f5ne muu suurkiskja n\u00e4gemisest inimasulas palub Keskkonnaamet teada anda Riigiinfo telefonile 1247. Sealt saab esmast n\u00f5u ja vajadusel edastatakse teade Keskkonnaametile. Kui metsloom ohustab vahetult inimesi v\u00f5i liiklust, helista h\u00e4daabinumbril 112.<\/p>\n<p>Kohtudes karuga:<\/p>\n<ul>\n<li>Hoia karust eemale.\u00a0<\/li>\n<li>Kui karu on sind m\u00e4rganud, v\u00e4ldi otsest silmsidet, samas j\u00e4lgi looma liikumist ja tegevust.<\/li>\n<li>R\u00e4\u00e4gi vaikselt ja v\u00e4ldi j\u00e4rske liigutusi. Nii ei ole sa looma jaoks vaenulik.<\/li>\n<li>Tagane aeglaselt ja ettevaatlikult, hoides end n\u00e4oga looma poole.<\/li>\n<\/ul>\n<p>Kui m\u00e4rkad karupoega:<\/p>\n<ul>\n<li>K\u00f5ige kaitsvam on poegade suhtes emakaru. Tagane samas suunas, kust tulid. Karupoeg n\u00e4eb armas ja abitu v\u00e4lja, kuid kaitsev ema on tavaliselt tema l\u00e4heduses.<\/li>\n<\/ul>\n<p>Pikemalt loe ennetusv\u00f5tetest keskkonnaameti veebilehelt <a href=\"https:\/\/www.keskkonnaamet.ee\/keskkonnateadlikkus-avalikustamised\/kampaaniad\/kohtumine-kiskjaga\" target=\"_blank\" rel=\"noopener nofollow\">Kohtumine kiskjaga<\/a>.<\/p>\n","protected":false},"excerpt":{"rendered":"Foto: jahimehe rajakaamera MT\u00dc Eesti suurkiskjad vaidlustas kohtus 12 Keskkonnaameti korraldust karu nuhtlusisendite k\u00fcttimiseks. Tallinna halduskohus rahuldas MT\u00dc&hellip;\n","protected":false},"author":2,"featured_media":266936,"comment_status":"","ping_status":"","sticky":false,"template":"","format":"standard","meta":{"footnotes":"","_share_on_mastodon":"0"},"categories":[5],"tags":[26,27,37,33,35,7661,34,36,31,32,21,59762,2832,3915,40620,5773,1452,5480,28,29,19,25,11067,23,24,22,5775,20,30],"class_list":["post-266935","post","type-post","status-publish","format-standard","has-post-thumbnail","category-uldised-uudised","tag-breaking-news","tag-breakingnews","tag-ee","tag-eesti","tag-eesti-keel","tag-eriluba","tag-estonia","tag-estonian","tag-featured-news","tag-featurednews","tag-headlines","tag-jahieeskiri","tag-jahindus","tag-jahipidamine","tag-kahjustused","tag-karujaht","tag-keskkonnaamet","tag-kuttimine","tag-latest-news","tag-latestnews","tag-news","tag-populaarseimad-lood","tag-pruunkaru","tag-top-stories","tag-topstories","tag-uldised-uudised","tag-ulukikahju","tag-uudised","tag-viimased-uudised"],"share_on_mastodon":{"url":"https:\/\/pubeurope.com\/@ee\/117203039111974267","error":""},"_links":{"self":[{"href":"https:\/\/www.europesays.com\/ee\/wp-json\/wp\/v2\/posts\/266935","targetHints":{"allow":["GET"]}}],"collection":[{"href":"https:\/\/www.europesays.com\/ee\/wp-json\/wp\/v2\/posts"}],"about":[{"href":"https:\/\/www.europesays.com\/ee\/wp-json\/wp\/v2\/types\/post"}],"author":[{"embeddable":true,"href":"https:\/\/www.europesays.com\/ee\/wp-json\/wp\/v2\/users\/2"}],"replies":[{"embeddable":true,"href":"https:\/\/www.europesays.com\/ee\/wp-json\/wp\/v2\/comments?post=266935"}],"version-history":[{"count":0,"href":"https:\/\/www.europesays.com\/ee\/wp-json\/wp\/v2\/posts\/266935\/revisions"}],"wp:featuredmedia":[{"embeddable":true,"href":"https:\/\/www.europesays.com\/ee\/wp-json\/wp\/v2\/media\/266936"}],"wp:attachment":[{"href":"https:\/\/www.europesays.com\/ee\/wp-json\/wp\/v2\/media?parent=266935"}],"wp:term":[{"taxonomy":"category","embeddable":true,"href":"https:\/\/www.europesays.com\/ee\/wp-json\/wp\/v2\/categories?post=266935"},{"taxonomy":"post_tag","embeddable":true,"href":"https:\/\/www.europesays.com\/ee\/wp-json\/wp\/v2\/tags?post=266935"}],"curies":[{"name":"wp","href":"https:\/\/api.w.org\/{rel}","templated":true}]}}