{"id":266937,"date":"2026-09-02T19:19:14","date_gmt":"2026-09-02T19:19:14","guid":{"rendered":"https:\/\/www.europesays.com\/ee\/266937\/"},"modified":"2026-09-02T19:19:14","modified_gmt":"2026-09-02T19:19:14","slug":"loe-jarele-united-lulitas-vapruse-konkurentsist-ja-paases-kaheksa-hulka-soccernet-ee","status":"publish","type":"post","link":"https:\/\/www.europesays.com\/ee\/266937\/","title":{"rendered":"LOE J\u00c4RELE: United l\u00fclitas Vapruse konkurentsist ja p\u00e4\u00e4ses kaheksa hulka &#8211; Soccernet.ee"},"content":{"rendered":"<p><img decoding=\"async\" src=\"https:\/\/www.europesays.com\/ee\/wp-content\/uploads\/2026\/09\/1788297324.jpg\" alt=\"United ja Vaprus ristavad karikam\u00e4ngus piigid. Foto: Svetlana Valijeva\"\/>&#13;\n<\/p>\n<p>Evald Tipneri karikav\u00f5istluste teine veerandfinalist on N\u00f5mme United, kes alistas koduv\u00e4ljakul 3:2 P\u00e4rnu Vapruse.<\/p>\n<p>United &#8211; Vaprus 3:2\u00a0(20. Zakaria Beglari\u0161vili, 23. Benjamine Chisala, 38. (ov.) Kevin Kauber- 35. Markkus Seppik, 75. Matthias Limberg)&#13;\n<\/p>\n<p>Uniste avaminutite j\u00e4rel tekkisid esialgu \u00e4revamad hetked Unitedi karistusalas. Joosep P\u00f5der tekitas Kevin Kauberile suurep\u00e4rase v\u00e4ravav\u00f5imaluse, ent r\u00fcndaja ei saanud peaga pallile korralikult pihta. Minut hiljem l\u00f5i P\u00f5der ise, aga Yosuke Morishige seisis madalal l\u00f6\u00f6gil ees ja suunas palli raamist m\u00f6\u00f6da.<\/p>\n<p>Vastu m\u00e4ngu k\u00e4iku haaras eduseisu hoopis United. N\u00f5mmekad leidsid surve alt v\u00e4lja kombineerides Zakaria Beglari\u0161vili, kellel oli t\u00fchi maa Vapruse karistusalani. Unitedi staar l\u00f5i madalalt karistusala tagant ja paigutas palli t\u00e4pselt alumisse nurka. 1:0!&#13;\n<\/p>\n<p>Eduseis suurenes juba kolm minutit hiljem. Tristan Pajo kaotas keskringi juures palli ja lasi Unitedi kontrar\u00fcnnakusse, mida vedasid Beglari\u0161vili ja Benjamine Chisala. Avav\u00e4rava autor serveeris teisele palli kandikul ning r\u00fcndaja ei j\u00e4tnud v\u00f5imalust kasutamata, l\u00fc\u00fces tagumise posti k\u00f5rvale v\u00f5rku.&#13;\n<\/p>\n<p>Pajo avapoolaja eba\u00f5nnestumised j\u00e4tkusid 28. minutil, kui tal tekkis 15 meetrilt soodne l\u00f6\u00f6gikoht, aga poolkaitsja virutas palli Gregor P\u00fcrgile s\u00fclle. Seitse minutit hiljem paistis ta aga positiivselt silma, kui tsenderdas nurgal\u00f6\u00f6gi j\u00e4rel tagumisse tsooni, kust Markkus Seppik suunas palli peaga v\u00f5rku. 2:1!<\/p>\n<p>Peagi tabas Vaprust aga j\u00e4rjekordne tagasil\u00f6\u00f6k. Ivan Krasnovi p\u00f5hjustatud postikolinaga kaasnes vaid ehmatus. Sellele j\u00e4rgnenud Beglari\u0161vili 38. minuti nurgal\u00f6\u00f6k maandus v\u00e4rava ees, kus Uku N\u00f5mm klaaris palli \u00f5nnetult vastu Kauberit, kellest see  omakorda p\u00f5rkas v\u00e4ravasse. 3:1!&#13;\n<\/p>\n<p>Kaotusseisus Vaprus alustas teist poolaega aktiivselt. Rasmus Orm m\u00e4ngiti karistusalas l\u00f6\u00f6gile, aga Gregor P\u00fcrg vastas terava nurga alt jalat\u00f5rjega. Unitedi v\u00e4ravavaht pidi end sirutama paar minutit hiljem, kui P\u00f5dra ohtliku kaarega peal\u00f6\u00f6k tuli \u00fcle v\u00e4rava l\u00fckata. Seej\u00e4rel andis kaugelt tuld Pajo, kelle l\u00f6\u00f6k vingerdas \u00f5hus ja pani P\u00fcrgi korralikult proovile.&#13;\n<\/p>\n<p>Vapruse aitasid viigile l\u00e4hemale vahetusmehed Matthias Limberg ja Henri V\u00e4lja, kelle koost\u00f6\u00f6 tegi m\u00e4nguseisuks 3:2. Limberg keeras V\u00e4lja s\u00f6\u00f6du j\u00e4rel end m\u00f6\u00f6da Simon Geigerist ja l\u00f5i seej\u00e4rel alumisse nurka. P\u00e4rnakad olid viimane veerandtund \u00fche v\u00e4rava kaugusel, kuid ei suutnud m\u00e4ngu lisaajale viia. Viimasel \u00fcleminutil sai teise kollase kaardi Joonas Sild, mis m\u00e4ngu kontekstis osutus v\u00e4het\u00e4htsaks asjaoluks.&#13;\n<\/p>\n<p>United kasutas meeskonnaga roteerinud Vapruse eksimused \u00e4ra ja sai leevendust Premium liiga kaotusteseeriale, kus nad on j\u00f6\u00f6nud viis m\u00e4ngu j\u00e4rjest punktideta. Nad on Narva Transi j\u00e4rel teine meeskond, kes taganud koha karikav\u00f5istluste veerandfinaalis. Trans alistas eelmisel n\u00e4dalal 2:0 N\u00f5mme Kalju.<\/p>\n","protected":false},"excerpt":{"rendered":"&#13; Evald Tipneri karikav\u00f5istluste teine veerandfinalist on N\u00f5mme United, kes alistas koduv\u00e4ljakul 3:2 P\u00e4rnu Vapruse. United &#8211; Vaprus&hellip;\n","protected":false},"author":2,"featured_media":266938,"comment_status":"","ping_status":"","sticky":false,"template":"","format":"standard","meta":{"footnotes":"","_share_on_mastodon":"0"},"categories":[18],"tags":[37,33,35,34,36,1443,143,1813,1621,159,158,1361,3974,2331,1622],"class_list":["post-266937","post","type-post","status-publish","format-standard","has-post-thumbnail","category-sport","tag-ee","tag-eesti","tag-eesti-keel","tag-estonia","tag-estonian","tag-karikavoistlused","tag-live","tag-nomme-united","tag-parnu-vaprus","tag-sport","tag-sports","tag-tekstipohine-live","tag-tipneri-karikas","tag-united","tag-vaprus"],"share_on_mastodon":{"url":"https:\/\/pubeurope.com\/@ee\/117203066714207045","error":""},"_links":{"self":[{"href":"https:\/\/www.europesays.com\/ee\/wp-json\/wp\/v2\/posts\/266937","targetHints":{"allow":["GET"]}}],"collection":[{"href":"https:\/\/www.europesays.com\/ee\/wp-json\/wp\/v2\/posts"}],"about":[{"href":"https:\/\/www.europesays.com\/ee\/wp-json\/wp\/v2\/types\/post"}],"author":[{"embeddable":true,"href":"https:\/\/www.europesays.com\/ee\/wp-json\/wp\/v2\/users\/2"}],"replies":[{"embeddable":true,"href":"https:\/\/www.europesays.com\/ee\/wp-json\/wp\/v2\/comments?post=266937"}],"version-history":[{"count":0,"href":"https:\/\/www.europesays.com\/ee\/wp-json\/wp\/v2\/posts\/266937\/revisions"}],"wp:featuredmedia":[{"embeddable":true,"href":"https:\/\/www.europesays.com\/ee\/wp-json\/wp\/v2\/media\/266938"}],"wp:attachment":[{"href":"https:\/\/www.europesays.com\/ee\/wp-json\/wp\/v2\/media?parent=266937"}],"wp:term":[{"taxonomy":"category","embeddable":true,"href":"https:\/\/www.europesays.com\/ee\/wp-json\/wp\/v2\/categories?post=266937"},{"taxonomy":"post_tag","embeddable":true,"href":"https:\/\/www.europesays.com\/ee\/wp-json\/wp\/v2\/tags?post=266937"}],"curies":[{"name":"wp","href":"https:\/\/api.w.org\/{rel}","templated":true}]}}