{"id":266939,"date":"2026-09-02T19:22:36","date_gmt":"2026-09-02T19:22:36","guid":{"rendered":"https:\/\/www.europesays.com\/ee\/266939\/"},"modified":"2026-09-02T19:22:36","modified_gmt":"2026-09-02T19:22:36","slug":"hoiatav-video-%e2%9f%a9-tuntud-tiktokker-jagab-veebilehte-mis-voib-aidata-ara-hoida-koige-hullema-see-kaart-voib-paasta-kellegi-elu","status":"publish","type":"post","link":"https:\/\/www.europesays.com\/ee\/266939\/","title":{"rendered":"HOIATAV VIDEO \u27e9 Tuntud tiktokker jagab veebilehte, mis v\u00f5ib aidata \u00e4ra hoida k\u00f5ige hullema: see kaart v\u00f5ib p\u00e4\u00e4sta kellegi elu!"},"content":{"rendered":"<p>Aktimodelli, tantsija ja kr\u00fcptomaailma tegijana tuntud ning TikTokis j\u00e4rjest enam t\u00e4helepanu koguv Silvia-Kairet P\u00f5ld jagas oma j\u00e4lgijatega platvormi, kuhu saab anon\u00fc\u00fcmselt m\u00e4rkida ahistamise, j\u00e4litamise, \u00e4hvardamise ja v\u00e4givallaga seotud kogemusi. Eesti kaarti vaadates jahmatas P\u00f5ldu eelk\u00f5ige see, kui palju juhtumeid avaneb k\u00f5igi aegade vaates.<\/p>\n<p class=\"isSelectedEnd\">30-aastane Silvia-Kairet P\u00f5ld tegi TikTokis postituse, milles tutvustas oma j\u00e4lgijatele platvormi <a target=\"_blank\" rel=\"noopener noreferrer nofollow\" href=\"https:\/\/beloud.now\">WWW.BELOUD.NOW<\/a>. Tegemist on interaktiivse kaardiga, kuhu inimesed saavad m\u00e4rkida, millal ja kus nad on kogenud ahistamist, j\u00e4litamist, \u00e4hvardamist, f\u00fc\u00fcsilist v\u00e4givalda v\u00f5i ebaturvalist olukorda.<\/p>\n","protected":false},"excerpt":{"rendered":"Aktimodelli, tantsija ja kr\u00fcptomaailma tegijana tuntud ning TikTokis j\u00e4rjest enam t\u00e4helepanu koguv Silvia-Kairet P\u00f5ld jagas oma j\u00e4lgijatega platvormi,&hellip;\n","protected":false},"author":2,"featured_media":266940,"comment_status":"","ping_status":"","sticky":false,"template":"","format":"standard","meta":{"footnotes":"","_share_on_mastodon":"0"},"categories":[12],"tags":[17051,99626,26,27,37,33,35,99630,34,36,31,32,21,103450,99625,28,29,19,22852,25,3199,99624,2130,328,23,24,22,20,7439,30,103449],"class_list":["post-266939","post","type-post","status-publish","format-standard","has-post-thumbnail","category-eesti","tag-ahistamine","tag-aktimodell","tag-breaking-news","tag-breakingnews","tag-ee","tag-eesti","tag-eesti-keel","tag-elu24-podcast","tag-estonia","tag-estonian","tag-featured-news","tag-featurednews","tag-headlines","tag-kriisitelefon","tag-kruptomaailm","tag-latest-news","tag-latestnews","tag-news","tag-ohvriabi","tag-populaarseimad-lood","tag-seksuaalvagivald","tag-silvia-kairet-pold","tag-tallinn","tag-tiktok","tag-top-stories","tag-topstories","tag-uldised-uudised","tag-uudised","tag-vagivald","tag-viimased-uudised","tag-www-beloud-now"],"share_on_mastodon":{"url":"","error":"Validation failed: Text character limit of 500 exceeded"},"_links":{"self":[{"href":"https:\/\/www.europesays.com\/ee\/wp-json\/wp\/v2\/posts\/266939","targetHints":{"allow":["GET"]}}],"collection":[{"href":"https:\/\/www.europesays.com\/ee\/wp-json\/wp\/v2\/posts"}],"about":[{"href":"https:\/\/www.europesays.com\/ee\/wp-json\/wp\/v2\/types\/post"}],"author":[{"embeddable":true,"href":"https:\/\/www.europesays.com\/ee\/wp-json\/wp\/v2\/users\/2"}],"replies":[{"embeddable":true,"href":"https:\/\/www.europesays.com\/ee\/wp-json\/wp\/v2\/comments?post=266939"}],"version-history":[{"count":0,"href":"https:\/\/www.europesays.com\/ee\/wp-json\/wp\/v2\/posts\/266939\/revisions"}],"wp:featuredmedia":[{"embeddable":true,"href":"https:\/\/www.europesays.com\/ee\/wp-json\/wp\/v2\/media\/266940"}],"wp:attachment":[{"href":"https:\/\/www.europesays.com\/ee\/wp-json\/wp\/v2\/media?parent=266939"}],"wp:term":[{"taxonomy":"category","embeddable":true,"href":"https:\/\/www.europesays.com\/ee\/wp-json\/wp\/v2\/categories?post=266939"},{"taxonomy":"post_tag","embeddable":true,"href":"https:\/\/www.europesays.com\/ee\/wp-json\/wp\/v2\/tags?post=266939"}],"curies":[{"name":"wp","href":"https:\/\/api.w.org\/{rel}","templated":true}]}}