{"id":266941,"date":"2026-09-02T19:23:25","date_gmt":"2026-09-02T19:23:25","guid":{"rendered":"https:\/\/www.europesays.com\/ee\/266941\/"},"modified":"2026-09-02T19:23:25","modified_gmt":"2026-09-02T19:23:25","slug":"hairekeskus-ei-tohi-enam-kukkunud-eakale-politseid-appi-saata","status":"publish","type":"post","link":"https:\/\/www.europesays.com\/ee\/266941\/","title":{"rendered":"H\u00e4irekeskus ei tohi enam kukkunud eakale politseid appi saata"},"content":{"rendered":"<p>\n        H\u00e4irekeskus. Foto: Scanpix\/Eero Vabam\u00e4gi<\/p>\n<p class=\"subtitle \" style=\"\">Kui seni k\u00e4isid kukkunud eakaid kodus p\u00fcsti aitamas politseinikud, siis siseministeeriumi otsusel h\u00e4irekeskus PPA inimesi enam appi saata ei tohi. See t\u00f6\u00f6 j\u00e4\u00e4b n\u00fc\u00fcd kiirabi ja sotsiaalt\u00f6\u00f6tajate mureks. Nii sotsiaalministeerium kui ka omavalitsused leiavad, et siseministeerium on pannud neile kohustuse, mida nad t\u00e4ita ei suuda.<\/p>\n<p>Iga aastaga tuleb juurde neid juhtumeid, kus kodus kukkunud eakas ilma k\u00f5rvalise abita p\u00fcsti ei saa, kirjutab <a href=\"https:\/\/www.err.ee\/1610125582\/hairekeskus-ei-tohi-enam-kukkunud-eakale-politseid-appi-saata\" target=\"_blank\" rel=\"nofollow noopener\">ERR<\/a>. Kui varem saadeti politseinikud inimesi jalule aitama, siis alates 1. septembrist tuleb h\u00e4irekeskusel valida, kas appi saadetakse kiirabi v\u00f5i kohalik sotsiaalt\u00f6\u00f6taja. Omavalitsustele tuli uus kord ootamatult.<\/p>\n<p>                Individuaalne tellimus<br \/>\n                1\u20ac \/ kuu<\/p>\n<p class=\"price_description\">Kuutellimuse esimesed 3 kuud tutvumishind 1\u20ac kuus, edasi 19.90\u20ac \/ kuu. Aastatellimusena mugavalt \u00fche makse ja arvega 215\u20ac \/ aasta. Tervishoiut\u00f6\u00f6taja koodiga tellija saab tellimusega tasuta kaasa \u00fche vabalt valitud paberajakirja (Perearst, Lege Artis v\u00f5i Pere\u00f5de). Kuutellimuse tutvumishinda saad kasutada \u00fchekordselt.<\/p>\n<p>\n                    <a style=\"\" class=\"lab-paywall-teaser-offer-button\" href=\"https:\/\/api.med24.ee\/paywall\/order?providerUrl=https%3A%2F%2Fminu.med24.ee%2Fsubscriptions%2Fproducts%3BproductType%3Dindividual&amp;siteAlias=med24&amp;&amp;siteId=2&amp;contentUrl=https%3A%2F%2Fwww.med24.ee%2Fuudised%2Fhaeirekeskus-ei-tohi-enam-kukkunud-eakale-politseid-appi-saata%2F2603988\" rel=\"nofollow noopener\" target=\"_blank\">Telli kohe<\/a>\n                <\/p>\n<p>                Arstikeskuse pakett (populaarne)<br \/>\n                34.50\u20ac \/ kuu<\/p>\n<p class=\"price_description\">Aastatellimusena mugavalt \u00fche makse ja arvega 377\u20ac \/ aasta. Sobiv tellimus 2-3 liikmelisele meeskonnale. \u00dche paketiga saad kuni 3 tellimust endale ja kolleegidele. Tervishoiut\u00f6\u00f6taja koodiga tellija saab tellimusega tasuta kaasa kuni kolm vabalt valitud paberajakirja (Perearst, Lege Artis v\u00f5i Pere\u00f5de).<\/p>\n<p>\n                    <a style=\"\" class=\"lab-paywall-teaser-offer-button\" href=\"https:\/\/api.med24.ee\/paywall\/order?providerUrl=https%3A%2F%2Fminu.med24.ee%2Fsubscriptions%2Fproducts%3BproductType%3Dgp&amp;siteAlias=med24&amp;&amp;siteId=2&amp;contentUrl=https%3A%2F%2Fwww.med24.ee%2Fuudised%2Fhaeirekeskus-ei-tohi-enam-kukkunud-eakale-politseid-appi-saata%2F2603988\" rel=\"nofollow noopener\" target=\"_blank\">Telli kohe<\/a>\n                <\/p>\n<p>                Hulgitellimus asutusele<br \/>\n                Ei leidnud sobivat?<\/p>\n<p class=\"price_description\">V\u00f5ta \u00fchendust meie klienditeenindusega ja leiame just teile sobiva lahenduse!<\/p>\n<p>\n                    <a style=\"\" class=\"lab-paywall-teaser-offer-button\" href=\"https:\/\/api.med24.ee\/paywall\/order?providerUrl=https%3A%2F%2Fminu.med24.ee%2Fsubscriptions%2Fproducts%3BproductType%3Dorganization&amp;siteAlias=med24&amp;&amp;siteId=2&amp;contentUrl=https%3A%2F%2Fwww.med24.ee%2Fuudised%2Fhaeirekeskus-ei-tohi-enam-kukkunud-eakale-politseid-appi-saata%2F2603988\" rel=\"nofollow noopener\" target=\"_blank\">Loe edasi<\/a>\n                <\/p>\n<p>\n             Hinnale lisandub k\u00e4ibemaks 9%.\n        <\/p>\n","protected":false},"excerpt":{"rendered":"H\u00e4irekeskus. Foto: Scanpix\/Eero Vabam\u00e4gi Kui seni k\u00e4isid kukkunud eakaid kodus p\u00fcsti aitamas politseinikud, siis siseministeeriumi otsusel h\u00e4irekeskus PPA&hellip;\n","protected":false},"author":2,"featured_media":266942,"comment_status":"","ping_status":"","sticky":false,"template":"","format":"standard","meta":{"footnotes":"","_share_on_mastodon":"0"},"categories":[5],"tags":[26,27,37,33,35,34,36,31,32,21,28,29,19,25,23,24,22,20,30],"class_list":["post-266941","post","type-post","status-publish","format-standard","has-post-thumbnail","category-uldised-uudised","tag-breaking-news","tag-breakingnews","tag-ee","tag-eesti","tag-eesti-keel","tag-estonia","tag-estonian","tag-featured-news","tag-featurednews","tag-headlines","tag-latest-news","tag-latestnews","tag-news","tag-populaarseimad-lood","tag-top-stories","tag-topstories","tag-uldised-uudised","tag-uudised","tag-viimased-uudised"],"share_on_mastodon":{"url":"https:\/\/pubeurope.com\/@ee\/117203081966735334","error":""},"_links":{"self":[{"href":"https:\/\/www.europesays.com\/ee\/wp-json\/wp\/v2\/posts\/266941","targetHints":{"allow":["GET"]}}],"collection":[{"href":"https:\/\/www.europesays.com\/ee\/wp-json\/wp\/v2\/posts"}],"about":[{"href":"https:\/\/www.europesays.com\/ee\/wp-json\/wp\/v2\/types\/post"}],"author":[{"embeddable":true,"href":"https:\/\/www.europesays.com\/ee\/wp-json\/wp\/v2\/users\/2"}],"replies":[{"embeddable":true,"href":"https:\/\/www.europesays.com\/ee\/wp-json\/wp\/v2\/comments?post=266941"}],"version-history":[{"count":0,"href":"https:\/\/www.europesays.com\/ee\/wp-json\/wp\/v2\/posts\/266941\/revisions"}],"wp:featuredmedia":[{"embeddable":true,"href":"https:\/\/www.europesays.com\/ee\/wp-json\/wp\/v2\/media\/266942"}],"wp:attachment":[{"href":"https:\/\/www.europesays.com\/ee\/wp-json\/wp\/v2\/media?parent=266941"}],"wp:term":[{"taxonomy":"category","embeddable":true,"href":"https:\/\/www.europesays.com\/ee\/wp-json\/wp\/v2\/categories?post=266941"},{"taxonomy":"post_tag","embeddable":true,"href":"https:\/\/www.europesays.com\/ee\/wp-json\/wp\/v2\/tags?post=266941"}],"curies":[{"name":"wp","href":"https:\/\/api.w.org\/{rel}","templated":true}]}}