{"id":266959,"date":"2026-09-02T19:57:11","date_gmt":"2026-09-02T19:57:11","guid":{"rendered":"https:\/\/www.europesays.com\/ee\/266959\/"},"modified":"2026-09-02T19:57:11","modified_gmt":"2026-09-02T19:57:11","slug":"taani-tugevdab-arktika-kaitset-riigi-ajateenijad-alustasid-oppust-groonimaal","status":"publish","type":"post","link":"https:\/\/www.europesays.com\/ee\/266959\/","title":{"rendered":"Taani tugevdab Arktika kaitset: riigi ajateenijad alustasid \u00f5ppust Gr\u00f6\u00f6nimaal"},"content":{"rendered":"<p>USA president <a rel=\"noopener nofollow\" target=\"_blank\" href=\"https:\/\/www.delfi.ee\/teema\/32758637\/donald-trump\" tag-id=\"32758637\">Donald Trump<\/a> on korduvalt v\u00e4ljendanud soovi omandada Taani poolautonoomne Arktika saar, viidates riikliku julgeoleku kaalutlustele. Samal ajal on ta s\u00fc\u00fcdistanud Taanit saare kaitsesse liiga v\u00e4he investeerimises.<\/p>\n<p>Nii Gr\u00f6\u00f6nimaa kui ka Taani on Trumpi idee kindlalt tagasi l\u00fckanud. Samas tunnistas Taani v\u00e4heseid investeeringuid saare kaitsesse ja lubas sinna suunata miljardeid eurosid.<\/p>\n<p>J\u00f5upingutuste osana saatis Taani oma ajateenijad Gr\u00f6\u00f6nimaal toimuvale \u00f5ppusele Arctic Endurance. Selle raames \u00f5petatakse s\u00f5dureid v\u00e4lja k\u00fclmades ilmastikutingimustes v\u00f5itlemiseks ja elluj\u00e4\u00e4miseks.<\/p>\n<p>\u201eSee n\u00e4itab kohalolekut, et me oleme siin ega m\u00f5tle ainult enda peale. Ja m\u00f5tleme ka Gr\u00f6\u00f6nimaa inimeste peale,\u201c \u00fctles 19-aastane ajateenija David uudisteagentuurile Reuters.<\/p>\n<p>\u201eMa arvan, et see saadab s\u00f5numi, et Taani tugevdab end tulevikuks,\u201c \u00fctles teine ajateenija, 22-aastane Anton.<\/p>\n<p>\u00d5ppus on osa sel aastal k\u00e4ivitatud <a rel=\"noopener nofollow\" target=\"_blank\" href=\"https:\/\/www.delfi.ee\/teema\/24581263\/nato\" tag-id=\"24581263\">NATO<\/a> missioonist Arctic Sentry, mille eesm\u00e4rk on tugevdada alliansi kohalolekut Arktikas ja leevendada Trumpi s\u00f5nav\u00f5ttude t\u00f5ttu kerkinud pingeid liitlaste vahel.<\/p>\n<p>Venemaa on varem kritiseerinud NATO kasvavat aktiivsust piirkonnas ja kirjeldanud seda otsese julgeolekuohuna. Koost\u00f6\u00f6s Venemaaga on oma tegevust piirkonnas suurendanud ka Hiina.<\/p>\n<p>Kuidas see lugu Sind end tundma pani?Saada<a href=\"https:\/\/www.delfi.ee\/artikkel\/120607989\/taani-tugevdab-arktika-kaitset-riigi-ajateenijad-alustasid-oppust-groonimaal\/kommentaarid\" class=\"button button--primary button--size-auto article-body-bottom__comment article-body-bottom__comment--write\" style=\"\" rel=\"nofollow noopener\" target=\"_blank\">Kommenteeri<\/a><a href=\"https:\/\/www.delfi.ee\/artikkel\/120607989\/taani-tugevdab-arktika-kaitset-riigi-ajateenijad-alustasid-oppust-groonimaal\/kommentaarid\" class=\"button button--size-auto article-body-bottom__comment article-body-bottom__comment--read\" style=\"\" rel=\"nofollow noopener\" target=\"_blank\">Loe kommentaare (8)<\/a><\/p>\n","protected":false},"excerpt":{"rendered":"USA president Donald Trump on korduvalt v\u00e4ljendanud soovi omandada Taani poolautonoomne Arktika saar, viidates riikliku julgeoleku kaalutlustele. Samal&hellip;\n","protected":false},"author":2,"featured_media":266960,"comment_status":"","ping_status":"","sticky":false,"template":"","format":"standard","meta":{"footnotes":"","_share_on_mastodon":"0"},"categories":[5],"tags":[8678,5803,26,27,324,37,33,35,34,36,31,32,2409,21,28,29,54,19,25,103455,23,24,22,20,30],"class_list":["post-266959","post","type-post","status-publish","format-standard","has-post-thumbnail","category-uldised-uudised","tag-ajateenistus","tag-arktika","tag-breaking-news","tag-breakingnews","tag-donald-trump","tag-ee","tag-eesti","tag-eesti-keel","tag-estonia","tag-estonian","tag-featured-news","tag-featurednews","tag-groonimaa","tag-headlines","tag-latest-news","tag-latestnews","tag-nato","tag-news","tag-populaarseimad-lood","tag-sojavaeoppus","tag-top-stories","tag-topstories","tag-uldised-uudised","tag-uudised","tag-viimased-uudised"],"share_on_mastodon":{"url":"https:\/\/pubeurope.com\/@ee\/117203215722337051","error":""},"_links":{"self":[{"href":"https:\/\/www.europesays.com\/ee\/wp-json\/wp\/v2\/posts\/266959","targetHints":{"allow":["GET"]}}],"collection":[{"href":"https:\/\/www.europesays.com\/ee\/wp-json\/wp\/v2\/posts"}],"about":[{"href":"https:\/\/www.europesays.com\/ee\/wp-json\/wp\/v2\/types\/post"}],"author":[{"embeddable":true,"href":"https:\/\/www.europesays.com\/ee\/wp-json\/wp\/v2\/users\/2"}],"replies":[{"embeddable":true,"href":"https:\/\/www.europesays.com\/ee\/wp-json\/wp\/v2\/comments?post=266959"}],"version-history":[{"count":0,"href":"https:\/\/www.europesays.com\/ee\/wp-json\/wp\/v2\/posts\/266959\/revisions"}],"wp:featuredmedia":[{"embeddable":true,"href":"https:\/\/www.europesays.com\/ee\/wp-json\/wp\/v2\/media\/266960"}],"wp:attachment":[{"href":"https:\/\/www.europesays.com\/ee\/wp-json\/wp\/v2\/media?parent=266959"}],"wp:term":[{"taxonomy":"category","embeddable":true,"href":"https:\/\/www.europesays.com\/ee\/wp-json\/wp\/v2\/categories?post=266959"},{"taxonomy":"post_tag","embeddable":true,"href":"https:\/\/www.europesays.com\/ee\/wp-json\/wp\/v2\/tags?post=266959"}],"curies":[{"name":"wp","href":"https:\/\/api.w.org\/{rel}","templated":true}]}}