{"id":266971,"date":"2026-09-02T20:16:09","date_gmt":"2026-09-02T20:16:09","guid":{"rendered":"https:\/\/www.europesays.com\/ee\/266971\/"},"modified":"2026-09-02T20:16:09","modified_gmt":"2026-09-02T20:16:09","slug":"nomme-unitedi-tule-alla-jaanud-vaprus-vahendas-kaotusseisu-minimaalseks-kuid-langes-konkurentsist","status":"publish","type":"post","link":"https:\/\/www.europesays.com\/ee\/266971\/","title":{"rendered":"N\u00f5mme Unitedi tule alla j\u00e4\u00e4nud Vaprus v\u00e4hendas kaotusseisu minimaalseks, kuid langes konkurentsist"},"content":{"rendered":"<p>N\u00f5mme United avas skoori 20. minutil, kui Zakaria Beglari\u0161vili jooksis palliga karistusala taha, kust kust l\u00f5i t\u00e4pselt alumisse nurka. United j\u00f5udis teise v\u00e4ravani juba kolm minutit hiljem. Vapruse m\u00e4ngija Uku N\u00f5mm eksis s\u00f6\u00f6duga Tristan Pajole. Beglari\u0161vili s\u00f6\u00f6tis Unitedi kontrar\u00fcnnakul palli Benjamine Chisalale, kes l\u00f5i nahkkera Vapruse v\u00e4rava tagumisse nurka, tehes seisuks 2:0.<\/p>\n","protected":false},"excerpt":{"rendered":"N\u00f5mme United avas skoori 20. minutil, kui Zakaria Beglari\u0161vili jooksis palliga karistusala taha, kust kust l\u00f5i t\u00e4pselt alumisse&hellip;\n","protected":false},"author":2,"featured_media":266972,"comment_status":"","ping_status":"","sticky":false,"template":"","format":"standard","meta":{"footnotes":"","_share_on_mastodon":"0"},"categories":[18],"tags":[27898,37,33,10600,35,34,36,4721,172,24619,1660,15573,103458,2072,1813,1621,159,158,2071,10341],"class_list":["post-266971","post","type-post","status-publish","format-standard","has-post-thumbnail","category-sport","tag-benjamine-chisala","tag-ee","tag-eesti","tag-eesti-karikavoistlused","tag-eesti-keel","tag-estonia","tag-estonian","tag-henri-valja","tag-jalgpall","tag-joonas-sild","tag-kevin-kauber","tag-manniku-staadion","tag-markkus-seppik","tag-matthias-limberg","tag-nomme-united","tag-parnu-vaprus","tag-sport","tag-sports","tag-tristan-pajo","tag-zakaria-beglarisvili"],"share_on_mastodon":{"url":"https:\/\/pubeurope.com\/@ee\/117203290238801567","error":""},"_links":{"self":[{"href":"https:\/\/www.europesays.com\/ee\/wp-json\/wp\/v2\/posts\/266971","targetHints":{"allow":["GET"]}}],"collection":[{"href":"https:\/\/www.europesays.com\/ee\/wp-json\/wp\/v2\/posts"}],"about":[{"href":"https:\/\/www.europesays.com\/ee\/wp-json\/wp\/v2\/types\/post"}],"author":[{"embeddable":true,"href":"https:\/\/www.europesays.com\/ee\/wp-json\/wp\/v2\/users\/2"}],"replies":[{"embeddable":true,"href":"https:\/\/www.europesays.com\/ee\/wp-json\/wp\/v2\/comments?post=266971"}],"version-history":[{"count":0,"href":"https:\/\/www.europesays.com\/ee\/wp-json\/wp\/v2\/posts\/266971\/revisions"}],"wp:featuredmedia":[{"embeddable":true,"href":"https:\/\/www.europesays.com\/ee\/wp-json\/wp\/v2\/media\/266972"}],"wp:attachment":[{"href":"https:\/\/www.europesays.com\/ee\/wp-json\/wp\/v2\/media?parent=266971"}],"wp:term":[{"taxonomy":"category","embeddable":true,"href":"https:\/\/www.europesays.com\/ee\/wp-json\/wp\/v2\/categories?post=266971"},{"taxonomy":"post_tag","embeddable":true,"href":"https:\/\/www.europesays.com\/ee\/wp-json\/wp\/v2\/tags?post=266971"}],"curies":[{"name":"wp","href":"https:\/\/api.w.org\/{rel}","templated":true}]}}