{"id":266985,"date":"2026-09-02T20:38:11","date_gmt":"2026-09-02T20:38:11","guid":{"rendered":"https:\/\/www.europesays.com\/ee\/266985\/"},"modified":"2026-09-02T20:38:11","modified_gmt":"2026-09-02T20:38:11","slug":"prantsusmaa-valitsev-korvpallimeister-monaco-andis-alla-ja-hakkab-mangima-madalamal-tasemel","status":"publish","type":"post","link":"https:\/\/www.europesays.com\/ee\/266985\/","title":{"rendered":"Prantsusmaa valitsev korvpallimeister Monaco andis alla ja hakkab m\u00e4ngima madalamal tasemel"},"content":{"rendered":"<p>Sel n\u00e4dalal tegi Monaco avalduse, et nad on n\u00f5us taanduma Prantsusmaa tugevuselt kolmandasse liigasse, et sealt ajapikku taas tippu t\u00f5usta.<\/p>\n<p>\u201eTahame taastada oma koha Prantsusmaa korvpalli absoluutses tipus ja p\u00e4rast seda kogeda suurep\u00e4raseid \u00f5htuid Euroopa tasemel, mis on meie f\u00e4nnidele nii tuttavaks saanud,\u201c seisis avalduses.<\/p>\n<p>Eelmise k\u00fcmnendi keskel pead t\u00f5stma hakanud Monaco kerkis <a rel=\"noopener nofollow\" target=\"_blank\" href=\"https:\/\/www.delfi.ee\/teema\/56816426\/euroliiga\" tag-id=\"56816426\">Euroliigasse<\/a> 2021. aastal. Nad j\u00f5udsid viie hooaja jooksul iga kord v\u00e4hemalt veerandfinaali. 2023. aasta mais tuldi kolmandaks ja 2025. aastal j\u00f5uti finaali, kus j\u00e4\u00e4di alla Istanbuli Fenerbahcele.<\/p>\n<p>Eurotandril kavatses Monaco m\u00e4ngida Euroliiga t\u00fctarsarjas EuroCup, aga klubi heideti ka sealt v\u00e4lja. Nende asemele tuleb valitsev Bosnia ja Hertsegoviina meister Sarajevo Bosna. Janari J\u00f5esaare eelmine koduklubi oli kevadel seisus, kus rahapuuduse t\u00f5ttu tuli samuti samm tagasi teha, aga suve jooksul leiti piisavalt vahendeid, et konkurentsiv\u00f5imeline tiim kokku panna.<\/p>\n<p>Kuidas see lugu Sind end tundma pani?Saada<a href=\"https:\/\/sport.delfi.ee\/a\/120607994\/prantsusmaa-valitsev-korvpallimeister-monaco-andis-alla-ja-hakkab-mangima-madalamal-tasemel\/kommentaarid\" class=\"button button--primary button--size-auto article-body-bottom__comment article-body-bottom__comment--write\" style=\"\" rel=\"nofollow noopener\" target=\"_blank\">Kommenteeri<\/a><a href=\"https:\/\/sport.delfi.ee\/a\/120607994\/prantsusmaa-valitsev-korvpallimeister-monaco-andis-alla-ja-hakkab-mangima-madalamal-tasemel\/kommentaarid\" class=\"button button--size-auto article-body-bottom__comment article-body-bottom__comment--read\" style=\"\" rel=\"nofollow noopener\" target=\"_blank\">Loe kommentaare (1)<\/a><\/p>\n","protected":false},"excerpt":{"rendered":"Sel n\u00e4dalal tegi Monaco avalduse, et nad on n\u00f5us taanduma Prantsusmaa tugevuselt kolmandasse liigasse, et sealt ajapikku taas&hellip;\n","protected":false},"author":2,"featured_media":266986,"comment_status":"","ping_status":"","sticky":false,"template":"","format":"standard","meta":{"footnotes":"","_share_on_mastodon":"0"},"categories":[18],"tags":[10038,37,33,35,34,36,5263,159,158],"class_list":["post-266985","post","type-post","status-publish","format-standard","has-post-thumbnail","category-sport","tag-as-monaco","tag-ee","tag-eesti","tag-eesti-keel","tag-estonia","tag-estonian","tag-euroliiga","tag-sport","tag-sports"],"share_on_mastodon":{"url":"https:\/\/pubeurope.com\/@ee\/117203376996890936","error":""},"_links":{"self":[{"href":"https:\/\/www.europesays.com\/ee\/wp-json\/wp\/v2\/posts\/266985","targetHints":{"allow":["GET"]}}],"collection":[{"href":"https:\/\/www.europesays.com\/ee\/wp-json\/wp\/v2\/posts"}],"about":[{"href":"https:\/\/www.europesays.com\/ee\/wp-json\/wp\/v2\/types\/post"}],"author":[{"embeddable":true,"href":"https:\/\/www.europesays.com\/ee\/wp-json\/wp\/v2\/users\/2"}],"replies":[{"embeddable":true,"href":"https:\/\/www.europesays.com\/ee\/wp-json\/wp\/v2\/comments?post=266985"}],"version-history":[{"count":0,"href":"https:\/\/www.europesays.com\/ee\/wp-json\/wp\/v2\/posts\/266985\/revisions"}],"wp:featuredmedia":[{"embeddable":true,"href":"https:\/\/www.europesays.com\/ee\/wp-json\/wp\/v2\/media\/266986"}],"wp:attachment":[{"href":"https:\/\/www.europesays.com\/ee\/wp-json\/wp\/v2\/media?parent=266985"}],"wp:term":[{"taxonomy":"category","embeddable":true,"href":"https:\/\/www.europesays.com\/ee\/wp-json\/wp\/v2\/categories?post=266985"},{"taxonomy":"post_tag","embeddable":true,"href":"https:\/\/www.europesays.com\/ee\/wp-json\/wp\/v2\/tags?post=266985"}],"curies":[{"name":"wp","href":"https:\/\/api.w.org\/{rel}","templated":true}]}}