{"id":266987,"date":"2026-09-02T20:40:37","date_gmt":"2026-09-02T20:40:37","guid":{"rendered":"https:\/\/www.europesays.com\/ee\/266987\/"},"modified":"2026-09-02T20:40:37","modified_gmt":"2026-09-02T20:40:37","slug":"kliimahullud-kuidas-te-julgete-uued-uudised","status":"publish","type":"post","link":"https:\/\/www.europesays.com\/ee\/266987\/","title":{"rendered":"Kliimahullud, kuidas te julgete! &#8211; Uued Uudised"},"content":{"rendered":"<p>Trump on saavutanud Ameerika energiapoliitika domineerimise, l\u00f5petades samal ajal vaeste riikide survestamise rohelise poliitikaga.<\/p>\n<p>31. august 2026<br \/>Paul Driessen<\/p>\n<p>Rootsi aktivist Greta Thunberg teenis oma h\u00fc\u00fcdnime Doom Pixie oma v\u00e4ikese kasvu ja teravate s\u00fc\u00fcdistuste t\u00f5ttu inimkonna pihta v\u00e4idetava planeedi hukkumise t\u00f5ttu, mis v\u00e4idetavalt on tingitud fossiilk\u00fctuste poolt p\u00f5hjustatud kliimamuutustest. Tema kuulsaim tiraad oli suunatud maailma liidrite pihta, kes v\u00e4idetavalt teevad liiga v\u00e4he kliimamuutuste peatamiseks.<\/p>\n<p>\u201eKuidas te julgete?\u201c kortsutas ta raevukalt kulmu \u00dcRO peasekret\u00e4ri Ant\u00f3nio Guterrese, presidentide ja peaministrite, k\u00f5rgete ametnike ja ametnike poole \u00dcRO Peaassamblee saalis. \u201eTe olete oma t\u00fchjade s\u00f5nadega varastanud mu unistused, mu lapsep\u00f5lve\u2026 Inimesed kannatavad. Inimesed surevad. Terved \u00f6kos\u00fcsteemid varisevad kokku. Me oleme massilise v\u00e4ljasuremise alguses. Kuidas te julgete?!\u201c<\/p>\n<p><img fetchpriority=\"high\" decoding=\"async\" class=\"alignnone size-full wp-image-257986\" src=\"https:\/\/www.europesays.com\/ee\/wp-content\/uploads\/2026\/09\/3938355840427295007.jpg\" alt=\"\" width=\"500\" height=\"261\"  \/><\/p>\n<p>Ei, preili Thunberg ja poliitikud, b\u00fcrokraadid ja aktivistid, kes teie kriitikat poliitikaks muudavad:<\/p>\n<p>*kuidas TE julgete kasutada v\u00f5ltshirmu, mis p\u00f5hineb arvutimudelitel, mis ei suuda isegi mineviku kliimat taastada, r\u00e4\u00e4kimata tuleviku kliima ja ilma ennustamisest? Kuidas te julgete iga temperatuuri- ja ilmastikun\u00e4htuse, \u00fcleujutuse, p\u00f5ua ja metsatulekahju muuta v\u00e4iteks, et elusloodus, inimkond ja planeet seisavad silmitsi peatse h\u00e4vinguga?<\/p>\n<p>Kuidas TE julgete v\u00e4ita, et taimi v\u00e4etav, planeeti rohelisemaks muutv ja elu s\u00e4ilitav s\u00fcsinikdioksiid k\u00fctustest, tootmisest ja p\u00f5llumajandusest ohustab kuidagi meie inimeste tervist ja heaolu?<\/p>\n<p>Kuidas TE julgete n\u00f5uda, et me sulgeksime energias\u00fcsteemid, mis v\u00f5imaldavad meie elu, tervist ja elatustaset? Et meilt tuleb \u00e4ra v\u00f5tta t\u00e4nap\u00e4evased mugavused, p\u00fc\u00fcdlused ja l\u00e4hedased, sest te sunnite meid k\u00f5rvaldama toimivad energias\u00fcsteemid \u2013 ja asendama need kallite ilmast s\u00f5ltuvate asendajatega, mis toovad kaasa elektrikatkestusi, vaesust, haigusi, puudust, t\u00f6\u00f6puudust ja l\u00fchenenud eluiga?<\/p>\n<p>Kuidas TE julgete \u00f6elda maailma vaeseimatele inimestele, et nad peavad loobuma oma jumalast antud \u00f5igusest kaasaegsele tehnoloogiale, tervisele ja elatustasemele \u2013 ning ohverdama oma maastikud ja eluslooduse tuuleturbiinide, p\u00e4ikesepaneelide ja taastuvenergia pr\u00fcgiga oma kliimafanatismi altaril?<\/p>\n<p>Kuidas TE julgete n\u00f5uda, et me h\u00fclgaksime vaba ettev\u00f5tlusega demokraatliku kapitalismi, mis on toonud miljarditele inimestele tervise ja \u00f5itsengu \u2013 ja asendaksime selle sotsialistlik-kommunistlik-totalitaarsete valitsustega, mis on vaesustanud miljardeid ning n\u00e4ljutanud ja m\u00f5rvanud \u00fcle 100 000 000 inimese?\u2026<\/p>\n<p>Allikas: <a href=\"https:\/\/energysecurityfreedom.substack.com\/p\/trump-has-achieved-american-energy?utm_id=97757_v0_s00_e0_tv2_a1demo07l1qpgv&amp;fbclid=IwY2xjawUDbOxwZG9mAWV4dG4DYWVtAjExAHNydGMGYXBwX2lkEDIyMjAzOTE3ODgyMDA4OTIAAR6apGiBoyNozSaGBX0o0eil5bsav4-gAPvLJMKfWezMO17HIWx2yZuST4ztnw_aem_AyLfKjGUs0wtFRR6rB14kA\" target=\"_blank\" rel=\"noopener nofollow\">ESF<\/a><\/p>\n","protected":false},"excerpt":{"rendered":"Trump on saavutanud Ameerika energiapoliitika domineerimise, l\u00f5petades samal ajal vaeste riikide survestamise rohelise poliitikaga. 31. august 2026Paul Driessen&hellip;\n","protected":false},"author":2,"featured_media":266988,"comment_status":"","ping_status":"","sticky":false,"template":"","format":"standard","meta":{"footnotes":"","_share_on_mastodon":"0"},"categories":[80],"tags":[26,27,37,33,35,34,36,31,32,21,28,29,95,19,25,23,24,22,20,30,92,93,94],"class_list":["post-266987","post","type-post","status-publish","format-standard","has-post-thumbnail","category-maailm","tag-breaking-news","tag-breakingnews","tag-ee","tag-eesti","tag-eesti-keel","tag-estonia","tag-estonian","tag-featured-news","tag-featurednews","tag-headlines","tag-latest-news","tag-latestnews","tag-maailm","tag-news","tag-populaarseimad-lood","tag-top-stories","tag-topstories","tag-uldised-uudised","tag-uudised","tag-viimased-uudised","tag-world","tag-world-news","tag-worldnews"],"share_on_mastodon":{"url":"https:\/\/pubeurope.com\/@ee\/117203384827376914","error":""},"_links":{"self":[{"href":"https:\/\/www.europesays.com\/ee\/wp-json\/wp\/v2\/posts\/266987","targetHints":{"allow":["GET"]}}],"collection":[{"href":"https:\/\/www.europesays.com\/ee\/wp-json\/wp\/v2\/posts"}],"about":[{"href":"https:\/\/www.europesays.com\/ee\/wp-json\/wp\/v2\/types\/post"}],"author":[{"embeddable":true,"href":"https:\/\/www.europesays.com\/ee\/wp-json\/wp\/v2\/users\/2"}],"replies":[{"embeddable":true,"href":"https:\/\/www.europesays.com\/ee\/wp-json\/wp\/v2\/comments?post=266987"}],"version-history":[{"count":0,"href":"https:\/\/www.europesays.com\/ee\/wp-json\/wp\/v2\/posts\/266987\/revisions"}],"wp:featuredmedia":[{"embeddable":true,"href":"https:\/\/www.europesays.com\/ee\/wp-json\/wp\/v2\/media\/266988"}],"wp:attachment":[{"href":"https:\/\/www.europesays.com\/ee\/wp-json\/wp\/v2\/media?parent=266987"}],"wp:term":[{"taxonomy":"category","embeddable":true,"href":"https:\/\/www.europesays.com\/ee\/wp-json\/wp\/v2\/categories?post=266987"},{"taxonomy":"post_tag","embeddable":true,"href":"https:\/\/www.europesays.com\/ee\/wp-json\/wp\/v2\/tags?post=266987"}],"curies":[{"name":"wp","href":"https:\/\/api.w.org\/{rel}","templated":true}]}}