{"id":266993,"date":"2026-09-02T20:49:13","date_gmt":"2026-09-02T20:49:13","guid":{"rendered":"https:\/\/www.europesays.com\/ee\/266993\/"},"modified":"2026-09-02T20:49:13","modified_gmt":"2026-09-02T20:49:13","slug":"kaks-meest-turule-saatnud-monaco-naasis-tuhjade-pihkudega-ja-ajas-inglasedki-marru-soccernet-ee","status":"publish","type":"post","link":"https:\/\/www.europesays.com\/ee\/266993\/","title":{"rendered":"Kaks meest turule saatnud Monaco naasis t\u00fchjade pihkudega ja ajas inglasedki marru &#8211; Soccernet.ee"},"content":{"rendered":"<p><img decoding=\"async\" src=\"https:\/\/www.europesays.com\/ee\/wp-content\/uploads\/2026\/09\/1783270625.jpg\" alt=\"Folarin Balogun muutis klubivahetuse osas meelt. Foto: Scanpix \/ Benjamin Fanjoy \/ EPA\"\/>&#13;\n<\/p>\n<p>USA koondise r\u00fcndaja Folarin Balogun pidanuks liituma Monacost Evertoniga, kuid muutis viimasel hetkel meelt.<\/p>\n<p>\u00dcleminekuakna viimane p\u00e4ev oli tavap\u00e4raselt tormiline. Seda alustasid Folarin Balogun ja tema l\u00e4hedased teadmisega, et 25-aastane r\u00fcndaja saab umbes 47 miljoni euro eest Evertoni omaks. Nii s\u00f5itiski ta klubi juurde meditsiinilisse kontrolli, kus ilmnes avalikkuse eest varju j\u00e4etud probleem.&#13;\n<\/p>\n<p>Osapooled asusid diili detaile veel korra l\u00e4bi r\u00e4\u00e4kima. Samal ajal proovis Everton Manchester Unitedist saada laenule Joshua Zirkzeed, ent eba\u00f5nnestus. Kuna r\u00fcndeliinist lubati kaks meest minema, oli Evertoni selg p\u00e4ris vastu seina ning Premier League andis neile kaks lisatundi \u00fclemineku vormistamiseks. Neil tundidel otsustas Balogun ikkagi \u00fcmber ja naasis Monacosse.&#13;\n<\/p>\n<p>See tekitas meeleh\u00e4rmi ka Chelseale, kes tahtis Monacolt osta 22-aastast Senegali poolkaitsjat Lamine Camarat. Kuna Monaco otsus s\u00f5ltus Baloguni saagast, p\u00fcsis Chelsea sarnaselt Evertonile teadmatuses. \u00dcheks hetkeks said nad rohelise tule k\u00e4tte. Siis aga kasvas Baloguni m\u00fc\u00fcmise t\u00f5en\u00e4osus ja Monaco otsustas Camara ikkagi endale j\u00e4tta. \u00dcleminekuakna sulgumiseks ei \u00f5nnestunud Monacol maha m\u00fc\u00fca ei Baloguni ega Camarat.<\/p>\n<p>P\u00e4rast \u00fcleminekuakna sulgumist on klubidel v\u00f5imalik uut j\u00f5udu tuua vabaagentide n\u00e4ol.                         <\/p>\n","protected":false},"excerpt":{"rendered":"&#13; USA koondise r\u00fcndaja Folarin Balogun pidanuks liituma Monacost Evertoniga, kuid muutis viimasel hetkel meelt. \u00dcleminekuakna viimane p\u00e4ev&hellip;\n","protected":false},"author":2,"featured_media":266994,"comment_status":"","ping_status":"","sticky":false,"template":"","format":"standard","meta":{"footnotes":"","_share_on_mastodon":"0"},"categories":[18],"tags":[52392,94434,1098,37,33,35,34,36,802,90299,103459,9988,159,158],"class_list":["post-266993","post","type-post","status-publish","format-standard","has-post-thumbnail","category-sport","tag-balogun","tag-camara","tag-chelsea","tag-ee","tag-eesti","tag-eesti-keel","tag-estonia","tag-estonian","tag-everton","tag-folarin-balogun","tag-lamine-camara","tag-monaco","tag-sport","tag-sports"],"share_on_mastodon":{"url":"https:\/\/pubeurope.com\/@ee\/117203420444199362","error":""},"_links":{"self":[{"href":"https:\/\/www.europesays.com\/ee\/wp-json\/wp\/v2\/posts\/266993","targetHints":{"allow":["GET"]}}],"collection":[{"href":"https:\/\/www.europesays.com\/ee\/wp-json\/wp\/v2\/posts"}],"about":[{"href":"https:\/\/www.europesays.com\/ee\/wp-json\/wp\/v2\/types\/post"}],"author":[{"embeddable":true,"href":"https:\/\/www.europesays.com\/ee\/wp-json\/wp\/v2\/users\/2"}],"replies":[{"embeddable":true,"href":"https:\/\/www.europesays.com\/ee\/wp-json\/wp\/v2\/comments?post=266993"}],"version-history":[{"count":0,"href":"https:\/\/www.europesays.com\/ee\/wp-json\/wp\/v2\/posts\/266993\/revisions"}],"wp:featuredmedia":[{"embeddable":true,"href":"https:\/\/www.europesays.com\/ee\/wp-json\/wp\/v2\/media\/266994"}],"wp:attachment":[{"href":"https:\/\/www.europesays.com\/ee\/wp-json\/wp\/v2\/media?parent=266993"}],"wp:term":[{"taxonomy":"category","embeddable":true,"href":"https:\/\/www.europesays.com\/ee\/wp-json\/wp\/v2\/categories?post=266993"},{"taxonomy":"post_tag","embeddable":true,"href":"https:\/\/www.europesays.com\/ee\/wp-json\/wp\/v2\/tags?post=266993"}],"curies":[{"name":"wp","href":"https:\/\/api.w.org\/{rel}","templated":true}]}}