{"id":266999,"date":"2026-09-02T20:53:36","date_gmt":"2026-09-02T20:53:36","guid":{"rendered":"https:\/\/www.europesays.com\/ee\/266999\/"},"modified":"2026-09-02T20:53:36","modified_gmt":"2026-09-02T20:53:36","slug":"2029-aastal-saab-minna-vanaduspensionile-65-aasta-ja-nelja-kuu-vanusena","status":"publish","type":"post","link":"https:\/\/www.europesays.com\/ee\/266999\/","title":{"rendered":"2029. aastal saab minna vanaduspensionile 65 aasta ja nelja kuu vanusena"},"content":{"rendered":"<p>Seaduse j\u00e4rgi tuleb pensionile mineku vanus m\u00e4\u00e4rusega kinnitada kaks aastat varem. Alates 2027. aastast kehtib uus, juba 2018. aastal kinnitatud kord, kus iga kalendriaasta kohta kehtestatakse uus vanaduspensioniiga. Ehk pensionile j\u00e4\u00e4mise v\u00f5imalus ei s\u00f5ltu enam inimese s\u00fcnniaastast, vaid tema vanusest konkreetsel kalendriaastal. <\/p>\n<p><a href=\"http:\/\/geeniusdigipro.delfi.ee\/artikkel\/120478234\/2027-aastal-jouavad-vanaduspensioniikka-1962-aastal-sundinud-inimesed-va-need-kes-on-sundinud-detsembris#dalrel-in-article\" class=\"content-embedded-articles-double__embedded-article\" data-v-a517420a=\"\" rel=\"nofollow noopener\" target=\"_blank\"><\/p>\n<p>07.11.2024<\/p>\n<p>2027. aastal j\u00f5uavad vanaduspensioniikka 1962. aastal s\u00fcndinud inimesed, v.a need, kes on s\u00fcndinud detsembris<\/p>\n<p><\/a><a href=\"http:\/\/geeniusdigipro.delfi.ee\/artikkel\/120455180\/2028-aastal-saab-toenaoliselt-minna-pensionile-65-aasta-ja-kolme-kuu-vanuses#dalrel-in-article\" class=\"content-embedded-articles-double__embedded-article\" data-v-a517420a=\"\" rel=\"nofollow noopener\" target=\"_blank\"><\/p>\n<p>19.11.2025<\/p>\n<p>2028. aastal saab t\u00f5en\u00e4oliselt minna pensionile 65 aasta ja kolme kuu vanuses<\/p>\n<p><\/a><\/p>\n<p>Vanaduspensioniiga s\u00f5ltub 65-aastaste inimeste eeldatavast elueast ja seda arvutatakse viieaastase perioodi keskmisena. N\u00e4iteks 2029. aasta pensioniea arvutamisel v\u00f5etakse aluseks aastate 2021\u20132025 keskmine eeldatav eluiga. <\/p>\n<p>Pensioniea t\u00f5stmine on Euroopa Liidu liikmesriikides laialdaselt kasutusele v\u00f5etud meede, et leevendada demograafilist survet riiklikele pensionis\u00fcsteemidele. Mitmes riigis on vanust t\u00f5stetud v\u00f5i see on j\u00e4rk-j\u00e4rgult t\u00f5usmas 67. eluaastani. Lisaks on ELi 27 liikmesriigist 12 otsustanud siduda pensioniea edasise t\u00f5usu automaatselt eeldatava eluea pikenemisega. Tulenevalt rahvastiku \u00fcldisest vananemisest p\u00f6\u00f6ratakse vanemaealiste (55\u201364-aastased) t\u00f6\u00f6turule toomisele ja nende t\u00f6\u00f6h\u00f5ive suurendamisele erilist t\u00e4helepanu k\u00f5ikides Euroopa Liidu riikides. Taanis on vanaduspensioniiga 67 aastat, kuid see on t\u00f5usmas 2040. aastaks kuni 70. eluaastani. <\/p>\n<p>2026. aasta 1. jaanuari seisuga oli Eestis 331 000 <a rel=\"noopener nofollow\" target=\"_blank\" href=\"https:\/\/www.delfi.ee\/teema\/96890284\/pensionar\" tag-id=\"96890284\">pension\u00e4ri<\/a>, sealhulgas 315 000 vanaduspension\u00e4ri. Rahandusministeeriumi prognoosi j\u00e4rgi kasvab 2060. aastaks pension\u00e4ride arv umbes 340 000ni.<\/p>\n<p><img decoding=\"async\" src=\"https:\/\/www.europesays.com\/ee\/wp-content\/uploads\/2026\/09\/d5aa12c6-2d24-4e9c-8ec0-8174dce0179e.jpg\" loading=\"lazy\" alt=\"T\u00f6\u00f6ealiste ja pensioniealiste suhe aastatel 2025\u20132080\"\/><\/p>\n<p>M\u00e4rkus: 2025. aastal t\u00f6\u00f6ealised vanuses 18\u201364 aastat, pensioniealised \u00fcle 65 aasta vanad ja muudetud vastavalt pensioniea t\u00f5usule, st 2080. aastal t\u00f6\u00f6ealised vanuses 18\u201370 aastat, pensioniealised \u00fcle 70 aasta vanused.<\/p>\n<p>Kuidas see lugu Sind end tundma pani?Saada<\/p>\n","protected":false},"excerpt":{"rendered":"Seaduse j\u00e4rgi tuleb pensionile mineku vanus m\u00e4\u00e4rusega kinnitada kaks aastat varem. Alates 2027. aastast kehtib uus, juba 2018.&hellip;\n","protected":false},"author":2,"featured_media":267000,"comment_status":"","ping_status":"","sticky":false,"template":"","format":"standard","meta":{"footnotes":"","_share_on_mastodon":"0"},"categories":[5],"tags":[26,27,37,33,35,34,36,31,32,21,28,29,19,1966,28248,25,14421,23,24,22,20,21216,30],"class_list":["post-266999","post","type-post","status-publish","format-standard","has-post-thumbnail","category-uldised-uudised","tag-breaking-news","tag-breakingnews","tag-ee","tag-eesti","tag-eesti-keel","tag-estonia","tag-estonian","tag-featured-news","tag-featurednews","tag-headlines","tag-latest-news","tag-latestnews","tag-news","tag-pensionar","tag-pensionile-jaamine","tag-populaarseimad-lood","tag-tootav-pensionar","tag-top-stories","tag-topstories","tag-uldised-uudised","tag-uudised","tag-vanaduspension","tag-viimased-uudised"],"share_on_mastodon":{"url":"https:\/\/pubeurope.com\/@ee\/117203436335868555","error":""},"_links":{"self":[{"href":"https:\/\/www.europesays.com\/ee\/wp-json\/wp\/v2\/posts\/266999","targetHints":{"allow":["GET"]}}],"collection":[{"href":"https:\/\/www.europesays.com\/ee\/wp-json\/wp\/v2\/posts"}],"about":[{"href":"https:\/\/www.europesays.com\/ee\/wp-json\/wp\/v2\/types\/post"}],"author":[{"embeddable":true,"href":"https:\/\/www.europesays.com\/ee\/wp-json\/wp\/v2\/users\/2"}],"replies":[{"embeddable":true,"href":"https:\/\/www.europesays.com\/ee\/wp-json\/wp\/v2\/comments?post=266999"}],"version-history":[{"count":0,"href":"https:\/\/www.europesays.com\/ee\/wp-json\/wp\/v2\/posts\/266999\/revisions"}],"wp:featuredmedia":[{"embeddable":true,"href":"https:\/\/www.europesays.com\/ee\/wp-json\/wp\/v2\/media\/267000"}],"wp:attachment":[{"href":"https:\/\/www.europesays.com\/ee\/wp-json\/wp\/v2\/media?parent=266999"}],"wp:term":[{"taxonomy":"category","embeddable":true,"href":"https:\/\/www.europesays.com\/ee\/wp-json\/wp\/v2\/categories?post=266999"},{"taxonomy":"post_tag","embeddable":true,"href":"https:\/\/www.europesays.com\/ee\/wp-json\/wp\/v2\/tags?post=266999"}],"curies":[{"name":"wp","href":"https:\/\/api.w.org\/{rel}","templated":true}]}}