{"id":267003,"date":"2026-09-02T21:02:50","date_gmt":"2026-09-02T21:02:50","guid":{"rendered":"https:\/\/www.europesays.com\/ee\/267003\/"},"modified":"2026-09-02T21:02:50","modified_gmt":"2026-09-02T21:02:50","slug":"trumpi-administratsioon-plaanib-toetada-parempoolset-meediat-euroopas","status":"publish","type":"post","link":"https:\/\/www.europesays.com\/ee\/267003\/","title":{"rendered":"Trumpi administratsioon plaanib toetada parempoolset meediat Euroopas"},"content":{"rendered":"<p>USA presidendi Donald Trumpi administratsioon plaanib kulutada neli miljonit dollarit (3,5 miljonit eurot) parempoolse meedia toetamiseks Euroopas. Rahastus on osa v\u00e4hemalt 25 miljoni dollari suurusest paketist konservatiivsetele vaba\u00fchendustele, \u00fctlesid neli rahastamisega tuttavat inimest Reutersile.<\/p>\n<p>USA v\u00e4lisministeeriumi teatel on rahastamise eesm\u00e4rk tugevdada Atlandi-\u00fcleseid suhteid ja edendada s\u00f5navabadust.<\/p>\n<p>Paljud Euroopa riigid valmistuvad l\u00e4hiaastatel toimuvateks valimisteks. Trumpi administratsioon toetab avalikult parempoolseid j\u00f5ude Euroopas.<\/p>\n<p>M\u00f5ned Euroopa riigid s\u00fc\u00fcdistavad Washingtoni juba sekkumises nende sisepoliitikasse ja see v\u00f5ib m\u00f5jutada vasakpoolsete valitsustega Euroopa riikide suhteid USA-ga.<\/p>\n<p>Reutersil ei ole \u00f5nnestunud kindlaks teha, millised organisatsioonid v\u00f5i toimetuse t\u00f6\u00f6tajad rahastamist saavad.<\/p>\n<p>\u00a0<\/p>\n<p>Allikas: Reuters<\/p>\n<p>\u00a0<\/p>\n<p>Vaata lisaks:<\/p>\n<p><a href=\"https:\/\/yle.fi\/a\/74-20243897\" target=\"_blank\" rel=\"noopener nofollow\">https:\/\/yle.fi\/a\/74-20243897<\/a><\/p>\n<p>\u00a0<\/p>\n","protected":false},"excerpt":{"rendered":"USA presidendi Donald Trumpi administratsioon plaanib kulutada neli miljonit dollarit (3,5 miljonit eurot) parempoolse meedia toetamiseks Euroopas. Rahastus&hellip;\n","protected":false},"author":2,"featured_media":267004,"comment_status":"","ping_status":"","sticky":false,"template":"","format":"standard","meta":{"footnotes":"","_share_on_mastodon":"0"},"categories":[80],"tags":[26,27,37,33,35,34,36,31,32,21,28,29,95,19,25,23,24,22,20,30,92,93,94],"class_list":["post-267003","post","type-post","status-publish","format-standard","has-post-thumbnail","category-maailm","tag-breaking-news","tag-breakingnews","tag-ee","tag-eesti","tag-eesti-keel","tag-estonia","tag-estonian","tag-featured-news","tag-featurednews","tag-headlines","tag-latest-news","tag-latestnews","tag-maailm","tag-news","tag-populaarseimad-lood","tag-top-stories","tag-topstories","tag-uldised-uudised","tag-uudised","tag-viimased-uudised","tag-world","tag-world-news","tag-worldnews"],"share_on_mastodon":{"url":"https:\/\/pubeurope.com\/@ee\/117203471515659119","error":""},"_links":{"self":[{"href":"https:\/\/www.europesays.com\/ee\/wp-json\/wp\/v2\/posts\/267003","targetHints":{"allow":["GET"]}}],"collection":[{"href":"https:\/\/www.europesays.com\/ee\/wp-json\/wp\/v2\/posts"}],"about":[{"href":"https:\/\/www.europesays.com\/ee\/wp-json\/wp\/v2\/types\/post"}],"author":[{"embeddable":true,"href":"https:\/\/www.europesays.com\/ee\/wp-json\/wp\/v2\/users\/2"}],"replies":[{"embeddable":true,"href":"https:\/\/www.europesays.com\/ee\/wp-json\/wp\/v2\/comments?post=267003"}],"version-history":[{"count":0,"href":"https:\/\/www.europesays.com\/ee\/wp-json\/wp\/v2\/posts\/267003\/revisions"}],"wp:featuredmedia":[{"embeddable":true,"href":"https:\/\/www.europesays.com\/ee\/wp-json\/wp\/v2\/media\/267004"}],"wp:attachment":[{"href":"https:\/\/www.europesays.com\/ee\/wp-json\/wp\/v2\/media?parent=267003"}],"wp:term":[{"taxonomy":"category","embeddable":true,"href":"https:\/\/www.europesays.com\/ee\/wp-json\/wp\/v2\/categories?post=267003"},{"taxonomy":"post_tag","embeddable":true,"href":"https:\/\/www.europesays.com\/ee\/wp-json\/wp\/v2\/tags?post=267003"}],"curies":[{"name":"wp","href":"https:\/\/api.w.org\/{rel}","templated":true}]}}