{"id":267007,"date":"2026-09-02T21:11:12","date_gmt":"2026-09-02T21:11:12","guid":{"rendered":"https:\/\/www.europesays.com\/ee\/267007\/"},"modified":"2026-09-02T21:11:12","modified_gmt":"2026-09-02T21:11:12","slug":"alusalu-ullatas-kollektsionaar-niinemetsa-see-on-mind-ammu-kripeldanud-varia","status":"publish","type":"post","link":"https:\/\/www.europesays.com\/ee\/267007\/","title":{"rendered":"Alusalu \u00fcllatas kollektsion\u00e4\u00e4r Niinemetsa: see on mind ammu kripeldanud | Varia"},"content":{"rendered":"<p>N\u00e4itleja ja spordis\u00f5ber T\u00f5nis Niinemets k\u00fclastas &#8220;Ringvaate&#8221; stuudiot ning r\u00e4\u00e4kis oma spordiesemete kogust, mis on pandud Eesti Spordi- ja Ol\u00fcmpiamuuseumis n\u00e4itusena v\u00e4lja. Toreda \u00fcllatuse tegi endine kiiruisutaja Saskia Alusalu, kes andis kogujale puuduoleva autogrammi.<\/p>\n<p>Juunis avati Tartus Eesti Spordi- ja Ol\u00fcmpiamuuseumi Niinemetsa kogutud esemetest koosnev n\u00e4itus &#8220;<a href=\"https:\/\/kultuur.err.ee\/1610051275\/pildid-spordi-ja-olumpiamuuseumis-avati-naitus-niinemetsa-spordimuuseum\" target=\"_blank\" rel=\"noopener nofollow\">Niinemetsa spordimuuseum<\/a>&#8220;.\u00a0V\u00e4ljapanekul saab n\u00e4ha Niinemetsa isiklikust kogust p\u00e4rinevaid spordiesemeid nii Eesti kui ka rahvusvahelistelt tippudelt.<\/p>\n<p>&#8220;Ringvaatesse&#8221; oli ta toonud Itaalia jalgpallit\u00e4he Leonardo Bonucci autogrammiga s\u00e4rgi, Epp M\u00e4e maadlustrikoo, Janek \u00d5iglase naelikud ning Saskia Alusalu kiirusakadeemia s\u00e4rgi, millel puudus aga autogramm. \u00d5nneks oli Alusalu aga stuudios ning sai puuduoleva autogrammi s\u00e4rgile paigutada.<\/p>\n<p>&#8220;F\u00e4nnide toetus on loomulikult alati t\u00e4htis. Minu arust on see nii tore, et [T\u00f5nis] seda teeb. See toob veel rohkem t\u00e4helepanu spordile,&#8221; r\u00e4\u00e4kis kiiruisutaja. &#8220;See konkreetne s\u00e4rk s\u00fcmboliseerib minu jaoks julgust elada oma unistust. See s\u00e4rk p\u00e4rineb kiirusakadeemiast, kuhu ma otsustasin 17-aastaselt kolida ja anda spordile v\u00f5imalus. Hoolimata sellest, et paljud \u00f5petajad \u00fctlesid mulle, et valiksid minu asemel hariduse ja mitte spordi.&#8221;<\/p>\n<p>Niinemets t\u00f5des, et Alusalu autogramm on teda pikalt kripeldanud. &#8220;Olen m\u00f5elnud selle ise k\u00e4sile v\u00f5tta. Samas ei taha olla see t\u00fc\u00fctu, kes k\u00e4ib kuskil akna taga, see j\u00e4tab ka imeliku mulje,&#8221; naljatles ta.<\/p>\n","protected":false},"excerpt":{"rendered":"N\u00e4itleja ja spordis\u00f5ber T\u00f5nis Niinemets k\u00fclastas &#8220;Ringvaate&#8221; stuudiot ning r\u00e4\u00e4kis oma spordiesemete kogust, mis on pandud Eesti Spordi-&hellip;\n","protected":false},"author":2,"featured_media":267008,"comment_status":"","ping_status":"","sticky":false,"template":"","format":"standard","meta":{"footnotes":"","_share_on_mastodon":"0"},"categories":[18],"tags":[37,33,35,34,36,13392,159,158,2993],"class_list":["post-267007","post","type-post","status-publish","format-standard","has-post-thumbnail","category-sport","tag-ee","tag-eesti","tag-eesti-keel","tag-estonia","tag-estonian","tag-ringvaade","tag-sport","tag-sports","tag-tonis-niinemets"],"share_on_mastodon":{"url":"https:\/\/pubeurope.com\/@ee\/117203506639344281","error":""},"_links":{"self":[{"href":"https:\/\/www.europesays.com\/ee\/wp-json\/wp\/v2\/posts\/267007","targetHints":{"allow":["GET"]}}],"collection":[{"href":"https:\/\/www.europesays.com\/ee\/wp-json\/wp\/v2\/posts"}],"about":[{"href":"https:\/\/www.europesays.com\/ee\/wp-json\/wp\/v2\/types\/post"}],"author":[{"embeddable":true,"href":"https:\/\/www.europesays.com\/ee\/wp-json\/wp\/v2\/users\/2"}],"replies":[{"embeddable":true,"href":"https:\/\/www.europesays.com\/ee\/wp-json\/wp\/v2\/comments?post=267007"}],"version-history":[{"count":0,"href":"https:\/\/www.europesays.com\/ee\/wp-json\/wp\/v2\/posts\/267007\/revisions"}],"wp:featuredmedia":[{"embeddable":true,"href":"https:\/\/www.europesays.com\/ee\/wp-json\/wp\/v2\/media\/267008"}],"wp:attachment":[{"href":"https:\/\/www.europesays.com\/ee\/wp-json\/wp\/v2\/media?parent=267007"}],"wp:term":[{"taxonomy":"category","embeddable":true,"href":"https:\/\/www.europesays.com\/ee\/wp-json\/wp\/v2\/categories?post=267007"},{"taxonomy":"post_tag","embeddable":true,"href":"https:\/\/www.europesays.com\/ee\/wp-json\/wp\/v2\/tags?post=267007"}],"curies":[{"name":"wp","href":"https:\/\/api.w.org\/{rel}","templated":true}]}}