{"id":267009,"date":"2026-09-02T21:13:15","date_gmt":"2026-09-02T21:13:15","guid":{"rendered":"https:\/\/www.europesays.com\/ee\/267009\/"},"modified":"2026-09-02T21:13:15","modified_gmt":"2026-09-02T21:13:15","slug":"sojaraport-teet-kalmus-venemaad-ootavad-ees-imelised-valimised-probleemid-tanklates-lennukid-ei-lenda-ohuhairesireenid-linnades-delfi","status":"publish","type":"post","link":"https:\/\/www.europesays.com\/ee\/267009\/","title":{"rendered":"S\u00d5JARAPORT | Teet Kalmus: Venemaad ootavad ees \u201eimelised\u201c valimised \u2013 probleemid tanklates, lennukid ei lenda, \u00f5huh\u00e4iresireenid linnades &#8211; Delfi"},"content":{"rendered":"<ol>\n<li><a href=\"https:\/\/news.google.com\/rss\/articles\/CBMiggJBVV95cUxPb3dINkIxYks2MWZCb2lFaWdjaThwUUNIaWJBVS1ZTGtSTy1hWDdjY1JYVnV2ZFBXZG5WQ2pLazJQZFU3REhYdm0wZld4Z01FV0VMRF9ock1JWm5jM0hFYnFtaUk5R1pTcjZQTG04bEVuc1h2NHMtb1lJUDhkby13NmdiblFqaGw5Y2pyMHdUbXV5SkpRZ1ZWZjc1UXo3UjliTDVRLWVQQmZzSVVRZEloWlRvS1BVbzk5TlYyODBsZmtLOFNBeHQ1LUdhdFdiMHJBVFpPZnRReEpIcjB1cmxtTm0xbThCNF9Pa1FJN1NkdlcwUlpQc3A4NVI3VXlSWWdVY3c?oc=5\" target=\"_blank\" rel=\"nofollow noopener\">S\u00d5JARAPORT | Teet Kalmus: Venemaad ootavad ees \u201eimelised\u201c valimised \u2013 probleemid tanklates, lennukid ei lenda, \u00f5huh\u00e4iresireenid linnades<\/a>&nbsp;&nbsp;Delfi<\/li>\n<li><a href=\"https:\/\/news.google.com\/rss\/articles\/CBMicEFVX3lxTE9FZUtmR21STnM4Qjk2bWxpWFJzMGctZjJQMWZaakFHSkdCb3dJX2xleW9rTXRSVERnQVVDTkJYV3NmU3lTeEtMT2U1ZklfbG1XVTJRWnRDVjRvWE13OTJDalp0SjJ0anpFQnBQMEIwUm8?oc=5\" target=\"_blank\" rel=\"nofollow noopener\">S\u00d5JAKOKKUV\u00d5TE | R\u00fcnnak Ust-Lugale<\/a>&nbsp;&nbsp;\u00d5htuleht<\/li>\n<li><a href=\"https:\/\/news.google.com\/rss\/articles\/CBMimgFBVV95cUxPVk43V2I0b3RPMmJLcEI1QkhveEZzUmxHWjFXbVhXa0pfM3lJQkZHZUlWSFNiMEVPNFk1NjJoY2hkNkJtWk9QWEVvbk8ySVVBR1Fqb1VsbExXZWs5d0dYOFZfY0ZWNk1LeDNOOHgxWUJuazdrQUlqVDdWaUgzMTZ1bXNQOE04NUlCSy1WaGpBM1FCSm9RMF9saElR?oc=5\" target=\"_blank\" rel=\"nofollow noopener\">Vene Ust-Luga sadamas puhkes p\u00e4rast \u00f6ist droonir\u00fcnnakut tulekahju<\/a>&nbsp;&nbsp;eestinen<\/li>\n<li><a href=\"https:\/\/news.google.com\/rss\/articles\/CBMi1wFBVV95cUxONUFjcmhlcVBZajZWeVgtQkJRZ01hLUljSFNTMGc3ZnFqek83a3YtaHNSTDBvMkE2aTgxa0IwcWZlTlBpQXNLLWtzVm42UGkwcnRiSG1INkVEZ3BSb3J0YkJzNU1QZnVUSFJlNmJOU2FJZnBKVHFsZE9rMmoyUktzUFc0WEZVZlFzYTJzUlpXNWhpaU9EdzNmRzJtTm50LW9vTTdVNDR1QkVzbHNVUDJMVW9OaUswQ3lEQ3VpOEVsaDZON1NjTndKNnBEcmpZeG9HeFBkR01xaw?oc=5\" target=\"_blank\" rel=\"nofollow noopener\">OTSEBLOGI | Ukraina droonid tabasid Venemaa suurt, 20 miljoni tonnise v\u00f5imsusega naftat\u00f6\u00f6tlemistehast<\/a>&nbsp;&nbsp;Inbox.eu<\/li>\n<\/ol>\n","protected":false},"excerpt":{"rendered":"S\u00d5JARAPORT | Teet Kalmus: Venemaad ootavad ees \u201eimelised\u201c valimised \u2013 probleemid tanklates, lennukid ei lenda, \u00f5huh\u00e4iresireenid linnades&nbsp;&nbsp;Delfi S\u00d5JAKOKKUV\u00d5TE&hellip;\n","protected":false},"author":2,"featured_media":267010,"comment_status":"","ping_status":"","sticky":false,"template":"","format":"standard","meta":{"footnotes":"","_share_on_mastodon":"0"},"categories":[80],"tags":[26,27,37,33,35,34,36,31,32,21,28,29,95,19,25,107,2187,23,24,22,20,30,92,93,94],"class_list":["post-267009","post","type-post","status-publish","format-standard","has-post-thumbnail","category-maailm","tag-breaking-news","tag-breakingnews","tag-ee","tag-eesti","tag-eesti-keel","tag-estonia","tag-estonian","tag-featured-news","tag-featurednews","tag-headlines","tag-latest-news","tag-latestnews","tag-maailm","tag-news","tag-populaarseimad-lood","tag-soda-ukrainas","tag-sojaraport","tag-top-stories","tag-topstories","tag-uldised-uudised","tag-uudised","tag-viimased-uudised","tag-world","tag-world-news","tag-worldnews"],"share_on_mastodon":{"url":"https:\/\/pubeurope.com\/@ee\/117203514715636031","error":""},"_links":{"self":[{"href":"https:\/\/www.europesays.com\/ee\/wp-json\/wp\/v2\/posts\/267009","targetHints":{"allow":["GET"]}}],"collection":[{"href":"https:\/\/www.europesays.com\/ee\/wp-json\/wp\/v2\/posts"}],"about":[{"href":"https:\/\/www.europesays.com\/ee\/wp-json\/wp\/v2\/types\/post"}],"author":[{"embeddable":true,"href":"https:\/\/www.europesays.com\/ee\/wp-json\/wp\/v2\/users\/2"}],"replies":[{"embeddable":true,"href":"https:\/\/www.europesays.com\/ee\/wp-json\/wp\/v2\/comments?post=267009"}],"version-history":[{"count":0,"href":"https:\/\/www.europesays.com\/ee\/wp-json\/wp\/v2\/posts\/267009\/revisions"}],"wp:featuredmedia":[{"embeddable":true,"href":"https:\/\/www.europesays.com\/ee\/wp-json\/wp\/v2\/media\/267010"}],"wp:attachment":[{"href":"https:\/\/www.europesays.com\/ee\/wp-json\/wp\/v2\/media?parent=267009"}],"wp:term":[{"taxonomy":"category","embeddable":true,"href":"https:\/\/www.europesays.com\/ee\/wp-json\/wp\/v2\/categories?post=267009"},{"taxonomy":"post_tag","embeddable":true,"href":"https:\/\/www.europesays.com\/ee\/wp-json\/wp\/v2\/tags?post=267009"}],"curies":[{"name":"wp","href":"https:\/\/api.w.org\/{rel}","templated":true}]}}