{"id":267017,"date":"2026-09-02T21:24:29","date_gmt":"2026-09-02T21:24:29","guid":{"rendered":"https:\/\/www.europesays.com\/ee\/267017\/"},"modified":"2026-09-02T21:24:29","modified_gmt":"2026-09-02T21:24:29","slug":"sven-sildnik-tehisaru-pogeneb-uuskommunismi-eest-kosmosesse","status":"publish","type":"post","link":"https:\/\/www.europesays.com\/ee\/267017\/","title":{"rendered":"Sven Sildnik: tehisaru p\u00f5geneb uuskommunismi eest kosmosesse"},"content":{"rendered":"<p>USA idufirma Starcloud on k\u00e4ivitanud uue kosmoseinvasiooni. 250 miljoni dollari suuruse rahastusvooru j\u00e4rel, kus osales ka NVIDIA, valmistutakse orbiidile viima tuhandeid GPU-satelliite. <a href=\"https:\/\/tehnika.postimees.ee\/8534128\/maal-hakkab-tehisarule-kitsaks-jaama-nuud-sihivad-andmekeskused-kosmost-ja-lahevadki-sinna\" target=\"_blank\" rel=\"noopener nofollow\">Ettev\u00f5tte visioon on 88 000 satelliidist koosnev konstellatsioon<\/a>, mis toodab kosmoses 20 gigavatti tehisaru arvutusv\u00f5imsust.<\/p>\n<p>Esimene NVIDIA H100 on juba orbiidil, j\u00e4rgmised moodulid on joonestuslaual. Kosmoses puudub \u00f5hk, soojus juhitakse \u00e4ra radiaatoritega ning tehisaru saab treenida ilma maiste andmekeskuste piiranguteta.<\/p>\n<p>See pole ulme, vaid valuline reaktsioon ideoloogilisele ummikseisule meie planeedil. Maal on tehisaru jaoks ruum otsas. Mitte f\u00fc\u00fcsiliselt, vaid energia m\u00f5ttes. Tootlik tehisaru neelab elektrit nagu ahne Moolok.<\/p>\n<p>L\u00e4\u00e4ne roheideoloogid \u2013 ikka need samad roheklounid \u2013 on aastak\u00fcmneid takistanud tuumaenergia arendamist, sulgenud s\u00f6ejaamu ja upitanud taastuvenergia illusiooni. Tulemuseks on energiahinnad, mis muudavad suuremahulise arvutamise majanduslikuks enesetapuks.<\/p>\n<p>N\u00fc\u00fcd h\u00e4\u00e4letavad turud jalgadega. Energiamahukas tehisaru kolib kosmosesse, kus p\u00e4ikesepaneelid ja vaakum v\u00f5imaldavad v\u00e4hemalt teoreetiliselt odavamalt t\u00f6\u00f6tada. Eliit ja suurtehnoloogia p\u00e4\u00e4sevad.<\/p>\n<p>NVIDIA, Cisco ja riskikapitalistid rajavad uut kolooniat, kus uuskommunistlik rohepoliitika neid enam ei sega. See on uus klassiv\u00f5itlus: rikkad p\u00f5genevad t\u00e4htede poole, vaesed ja j\u00e4\u00e4vad s\u00f5na otseses m\u00f5ttes maha.<\/p>\n<p>Eestlastel ja enamikul eurooplastel pole kosmosepiletit. Meil pole oma Starcloudi ega NVIDIAt taskus. Me peame edasi virelema maakamaral \u2013 k\u00f5rgete energiahindade, t\u00f6\u00f6stuse v\u00e4ljar\u00e4nde, islamistide sisser\u00e4nde, madala taeva ja rohelise diktatuuri alla.<\/p>\n<p>Roheklounide energiapoliitika on muutnud elu planeedil Maa sisuliselt v\u00f5imatuks. Kui tehisaru p\u00f5geneb kosmosesse, et p\u00e4\u00e4seda rohelise utoopia tagaj\u00e4rgedest, on see selge hoiatus.<\/p>\n<p>Kas me j\u00e4tkame uuskommunistlikku hullumeelsust v\u00f5i v\u00f5tame l\u00f5puks aru p\u00e4he ja valime tuumaenergia, oma ressursid ning suver\u00e4\u00e4nse energiapoliitika? Vastuse peame andma enne, kui viimasedki arvutusv\u00f5imsused lendavad orbiidile ja meie j\u00e4\u00e4me pimedasse mudaauku virelema.<\/p>\n<p>\u00a0<\/p>\n<p>Sven Sildnik,<\/p>\n<p>Sisepaguluses 01.09.2026<\/p>\n","protected":false},"excerpt":{"rendered":"USA idufirma Starcloud on k\u00e4ivitanud uue kosmoseinvasiooni. 250 miljoni dollari suuruse rahastusvooru j\u00e4rel, kus osales ka NVIDIA, valmistutakse&hellip;\n","protected":false},"author":2,"featured_media":267018,"comment_status":"","ping_status":"","sticky":false,"template":"","format":"standard","meta":{"footnotes":"","_share_on_mastodon":"0"},"categories":[80],"tags":[26,27,37,33,35,34,36,31,32,21,28,29,95,19,25,23,24,22,20,30,92,93,94],"class_list":["post-267017","post","type-post","status-publish","format-standard","has-post-thumbnail","category-maailm","tag-breaking-news","tag-breakingnews","tag-ee","tag-eesti","tag-eesti-keel","tag-estonia","tag-estonian","tag-featured-news","tag-featurednews","tag-headlines","tag-latest-news","tag-latestnews","tag-maailm","tag-news","tag-populaarseimad-lood","tag-top-stories","tag-topstories","tag-uldised-uudised","tag-uudised","tag-viimased-uudised","tag-world","tag-world-news","tag-worldnews"],"share_on_mastodon":{"url":"https:\/\/pubeurope.com\/@ee\/117203557621585214","error":""},"_links":{"self":[{"href":"https:\/\/www.europesays.com\/ee\/wp-json\/wp\/v2\/posts\/267017","targetHints":{"allow":["GET"]}}],"collection":[{"href":"https:\/\/www.europesays.com\/ee\/wp-json\/wp\/v2\/posts"}],"about":[{"href":"https:\/\/www.europesays.com\/ee\/wp-json\/wp\/v2\/types\/post"}],"author":[{"embeddable":true,"href":"https:\/\/www.europesays.com\/ee\/wp-json\/wp\/v2\/users\/2"}],"replies":[{"embeddable":true,"href":"https:\/\/www.europesays.com\/ee\/wp-json\/wp\/v2\/comments?post=267017"}],"version-history":[{"count":0,"href":"https:\/\/www.europesays.com\/ee\/wp-json\/wp\/v2\/posts\/267017\/revisions"}],"wp:featuredmedia":[{"embeddable":true,"href":"https:\/\/www.europesays.com\/ee\/wp-json\/wp\/v2\/media\/267018"}],"wp:attachment":[{"href":"https:\/\/www.europesays.com\/ee\/wp-json\/wp\/v2\/media?parent=267017"}],"wp:term":[{"taxonomy":"category","embeddable":true,"href":"https:\/\/www.europesays.com\/ee\/wp-json\/wp\/v2\/categories?post=267017"},{"taxonomy":"post_tag","embeddable":true,"href":"https:\/\/www.europesays.com\/ee\/wp-json\/wp\/v2\/tags?post=267017"}],"curies":[{"name":"wp","href":"https:\/\/api.w.org\/{rel}","templated":true}]}}