{"id":267025,"date":"2026-09-02T21:35:13","date_gmt":"2026-09-02T21:35:13","guid":{"rendered":"https:\/\/www.europesays.com\/ee\/267025\/"},"modified":"2026-09-02T21:35:13","modified_gmt":"2026-09-02T21:35:13","slug":"saksamaa-kahtlustab-leipzigi-droonijuhtumis-venemaaga-seotud-lati-ja-valgevene-taustaga-mehi","status":"publish","type":"post","link":"https:\/\/www.europesays.com\/ee\/267025\/","title":{"rendered":"Saksamaa kahtlustab Leipzigi droonijuhtumis Venemaaga seotud L\u00e4ti ja Valgevene taustaga mehi"},"content":{"rendered":"<p>Saksamaa valitsuse s\u00f5nul viitavad senised leiud, et r\u00fcnnakukatse panid toime Venemaa riigiv\u00f5imude nimel tegutsenud madala taseme agendid. Valitsus ei nimetanud \u00fchtegi v\u00f5imalikku toimepanijat. Uurimine n\u00e4ib olevat aga h\u00e4sti edenenud, kuna eile \u00f5htul teatas v\u00e4ljaanne Die Zeit, et f\u00f6deraalne peaprokur\u00f6r uurib kahte kahtlusalust, vahendab ajaleht S\u00fcddeutsche Zeitung.<\/p>\n<p>Saksamaa uurijad kahtlustavad juhtumis Venemaal s\u00fcndinud L\u00e4ti kodakondsusega meest ja Valgevenest p\u00e4rit Venemaa kodakondsusega meest. Uurijad on kindlad, et kahtlusalused t\u00e4itsid r\u00fcnnaku logistikakoordinaatori ja instruktori rolli.<\/p>\n<p>L\u00e4ti passiga mehel arvatakse olevat sidemeid Venemaa luurega. V\u00e4idetavalt sisenes ta Saksamaale juuli l\u00f5pus Berliini lennujaama kaudu ja s\u00f5itis seej\u00e4rel rendiautoga Leipzigi. Kahtlusalune lahkus riigist taas Berliini lennujaama kaudu kaks p\u00e4eva enne eba\u00f5nnestunud r\u00fcnnakut.<\/p>\n<p>S\u00fcndmuspaigal leidsid uurijad t\u00f5endeid, mille abil tuvastati teine kahtlusalune. T\u00f5enditeks olid DNA-j\u00e4ljed \u00fchelt droonilt, l\u00f5hkeainetega t\u00e4idetud purgi sisek\u00fcljelt ja lennujaama l\u00e4hedal puu k\u00fclge kinnitatud antennilt. J\u00e4lgede v\u00f5rdlemine Euroopa andmebaasidega andis vasteid Leedus ja Soomes.<\/p>\n<p>Tegu oli Valgevenest p\u00e4rit mehega, kes on juba varem teiste kuritegude t\u00f5ttu erinevate riikide v\u00f5imude t\u00e4helepanu alla sattunud. Uurijad selgitasid v\u00e4lja, et ta sisenes Saksamaale Itaalia turismiviisaga. Dokument v\u00e4ljastati aprilli l\u00f5pus Itaalia saatkonnas Minskis.<\/p>\n<p>Augusti alguses aset leidnud r\u00fcnnakukatses osales kolm drooni, millest kaks sisaldasid l\u00f5hkeainet. \u00dcks l\u00f5hkeainet sisaldanud droon leiti Ukraina Antonovi lennuki l\u00e4hedalt, mida kasutati laskemoona transportimiseks. Juhtum p\u00f5hjustas suuri h\u00e4ireid ja tekitas julgeolekuprobleeme kogu Euroopas.<\/p>\n<p>Kuidas see lugu Sind end tundma pani?Saada<a href=\"https:\/\/www.delfi.ee\/artikkel\/120607972\/saksamaa-kahtlustab-leipzigi-droonijuhtumis-venemaaga-seotud-lati-ja-valgevene-taustaga-mehi\/kommentaarid\" class=\"button button--primary button--size-auto article-body-bottom__comment article-body-bottom__comment--write\" style=\"\" rel=\"nofollow noopener\" target=\"_blank\">Kommenteeri<\/a><a href=\"https:\/\/www.delfi.ee\/artikkel\/120607972\/saksamaa-kahtlustab-leipzigi-droonijuhtumis-venemaaga-seotud-lati-ja-valgevene-taustaga-mehi\/kommentaarid\" class=\"button button--size-auto article-body-bottom__comment article-body-bottom__comment--read\" style=\"\" rel=\"nofollow noopener\" target=\"_blank\">Loe kommentaare (8)<\/a><\/p>\n","protected":false},"excerpt":{"rendered":"Saksamaa valitsuse s\u00f5nul viitavad senised leiud, et r\u00fcnnakukatse panid toime Venemaa riigiv\u00f5imude nimel tegutsenud madala taseme agendid. Valitsus&hellip;\n","protected":false},"author":2,"featured_media":267026,"comment_status":"","ping_status":"","sticky":false,"template":"","format":"standard","meta":{"footnotes":"","_share_on_mastodon":"0"},"categories":[80],"tags":[26,27,884,37,33,35,34,36,31,32,21,28,29,1160,95,19,25,51,23,24,22,20,96,30,92,93,94],"class_list":["post-267025","post","type-post","status-publish","format-standard","has-post-thumbnail","category-maailm","tag-breaking-news","tag-breakingnews","tag-droonirunnak","tag-ee","tag-eesti","tag-eesti-keel","tag-estonia","tag-estonian","tag-featured-news","tag-featurednews","tag-headlines","tag-latest-news","tag-latestnews","tag-leipzig","tag-maailm","tag-news","tag-populaarseimad-lood","tag-saksamaa","tag-top-stories","tag-topstories","tag-uldised-uudised","tag-uudised","tag-venemaa","tag-viimased-uudised","tag-world","tag-world-news","tag-worldnews"],"share_on_mastodon":{"url":"https:\/\/pubeurope.com\/@ee\/117203600882566577","error":""},"_links":{"self":[{"href":"https:\/\/www.europesays.com\/ee\/wp-json\/wp\/v2\/posts\/267025","targetHints":{"allow":["GET"]}}],"collection":[{"href":"https:\/\/www.europesays.com\/ee\/wp-json\/wp\/v2\/posts"}],"about":[{"href":"https:\/\/www.europesays.com\/ee\/wp-json\/wp\/v2\/types\/post"}],"author":[{"embeddable":true,"href":"https:\/\/www.europesays.com\/ee\/wp-json\/wp\/v2\/users\/2"}],"replies":[{"embeddable":true,"href":"https:\/\/www.europesays.com\/ee\/wp-json\/wp\/v2\/comments?post=267025"}],"version-history":[{"count":0,"href":"https:\/\/www.europesays.com\/ee\/wp-json\/wp\/v2\/posts\/267025\/revisions"}],"wp:featuredmedia":[{"embeddable":true,"href":"https:\/\/www.europesays.com\/ee\/wp-json\/wp\/v2\/media\/267026"}],"wp:attachment":[{"href":"https:\/\/www.europesays.com\/ee\/wp-json\/wp\/v2\/media?parent=267025"}],"wp:term":[{"taxonomy":"category","embeddable":true,"href":"https:\/\/www.europesays.com\/ee\/wp-json\/wp\/v2\/categories?post=267025"},{"taxonomy":"post_tag","embeddable":true,"href":"https:\/\/www.europesays.com\/ee\/wp-json\/wp\/v2\/tags?post=267025"}],"curies":[{"name":"wp","href":"https:\/\/api.w.org\/{rel}","templated":true}]}}