{"id":267031,"date":"2026-09-02T21:43:13","date_gmt":"2026-09-02T21:43:13","guid":{"rendered":"https:\/\/www.europesays.com\/ee\/267031\/"},"modified":"2026-09-02T21:43:13","modified_gmt":"2026-09-02T21:43:13","slug":"peeter-peek-pollumees-loodab-ikka-edasi-ja-ka-rallimees-ei-lopeta","status":"publish","type":"post","link":"https:\/\/www.europesays.com\/ee\/267031\/","title":{"rendered":"Peeter Peek: p\u00f5llumees loodab ikka edasi ja ka rallimees ei l\u00f5peta"},"content":{"rendered":"<p class=\"isSelectedEnd\">\u201eEks ta v\u00e4ike lapsep\u00f5lvetrauma tagaj\u00e4rg ole,\u201c \u00fctleb Peek.<\/p>\n<p class=\"isSelectedEnd\">Isalt \u00fcle v\u00f5etud talus on loomad n\u00fc\u00fcdseks l\u00e4inud. Peek harib Viljandimaal 1600 hektarit maad, millest 1200 hektaril kasvatatakse kombainitavaid kultuure: teravilja ja rapsi. \u00dclej\u00e4\u00e4nud maal on muu hulgas rohumaad, kust valmistatakse m\u00fc\u00fcgiks nii kuiva <a rel=\"noopener nofollow\" target=\"_blank\" href=\"https:\/\/www.delfi.ee\/teema\/81754293\/hein\" tag-id=\"81754293\">heina<\/a> kui ka silo. Haritavast maast on ligikaudu pool oma ja pool renditud.<\/p>\n<p class=\"isSelectedEnd\">Oma maa on praeguses majandusolukorras suureks abiks. Rendimaa p\u00e4rast k\u00e4ib aga tihe konkurents ja k\u00f5rgete rendihindade l\u00e4bir\u00e4\u00e4kimiste juures ei pruugi p\u00f5llumehe Exceli tabel rendileandjat veenda.<\/p>\n<p><img decoding=\"async\" src=\"https:\/\/www.europesays.com\/ee\/wp-content\/uploads\/2026\/09\/1788385393_461_eea44905-f812-43f0-a9e2-19681d76b805.jpg\" loading=\"lazy\"\/><\/p>\n<p class=\"isSelectedEnd\">Teravilja hind on madal, sisendid kallid ja viimased aastad on ettev\u00f5tte jaoks olnud keerulised. Peegi s\u00f5nul l\u00f5ppesid kaks varem m\u00f6\u00f6dunud aastat tugeva kahjumiga ja eelmisel aastal j\u00f5uti napilt nulli.<\/p>\n<p class=\"isSelectedEnd\">Ta loodab, et tulevikutehnoloogia aitab <a rel=\"noopener nofollow\" target=\"_blank\" href=\"https:\/\/www.delfi.ee\/teema\/96849812\/pollumajandus-1\" tag-id=\"96849812\">p\u00f5llumajanduses<\/a> olukorda parandada. Rohkem kui \u00fchegi teise ameti esindaja peab aga p\u00f5llumees lootma ka ilmale.<\/p>\n<p>80 hektarit ja 10 000 eurot<\/p>\n<p class=\"isSelectedEnd\">Peegi ettev\u00f5tte toodang ei piirdu teraviljaga. Loomakasvatuse l\u00f5ppemine ei t\u00e4hendanud rohus\u00f6\u00f6tade tootmise kadumist. Kuiva heina m\u00fc\u00fcakse \u00fcle Eesti hobusetallidele ja teistele loomapidajatele ning n\u00f5udlust on palju.<\/p>\n<p class=\"isSelectedEnd\">Probleem on ilm. Kuiva heina ei saa teha siis, kui sajab. Pealegi tuleb t\u00f6\u00f6 teha \u00f5igel ajal \u2013 vanaks j\u00e4\u00e4des kaotab hein v\u00e4\u00e4rtust.<\/p>\n<p class=\"isSelectedEnd\">Nii kasvas Peegil sel suvel 80 hektaril suur saak ilusat kvaliteetheina, mida vihmade t\u00f5ttu \u00f5igel ajal koristada ei saanud. Kui hein j\u00e4\u00e4b p\u00f5llule liiga kauaks, tuleb see l\u00f5puks purustada. Mis seal ikka, k\u00fcsite? Kahjud selgusid Excelis: 10 000 eurot saamata j\u00e4\u00e4nud tulu.<\/p>\n<p>Rohkem kui \u00fchegi teise ameti esindaja peab aga p\u00f5llumees lootma ka ilmale.<\/p>\n<p class=\"isSelectedEnd\">\u201eP\u00e4ris toreda reisi saaks perele selle raha eest,\u201c t\u00f5deb Peeter.<\/p>\n<p class=\"isSelectedEnd\">See on p\u00f5llumehe t\u00f6\u00f6 varjatum pool. P\u00f5ld v\u00f5ib olla ilus ja saak suur, kuid m\u00f5ne n\u00e4dalaga v\u00f5ib potentsiaalsest tulust saada kulu.<\/p>\n<p class=\"isSelectedEnd\">Rullsilo puhul j\u00e4tkuvad probleemid ka p\u00e4rast koristamist. Linnud v\u00f5ivad kilesse augud teha ja Peegi s\u00f5nul on viimastel aastatel sagenenud ka n\u00e4riliste tekitatud kahjustused.<\/p>\n<p>P\u00f5llurallist motospordikeskuseni<\/p>\n<p class=\"isSelectedEnd\">Kui p\u00f5llumajandus tuli Peegi ellu lapsep\u00f5lvest, siis motospordipisik sai alguse p\u00f5llurallist. Aastal 2018 tuli ta kereautos\u00f5idus isegi Balti meistriks. Praegu ta enam aktiivselt ei v\u00f5istle, kuid motospordist pole lahti ka saanud.<\/p>\n<p class=\"isSelectedEnd\">\u201eMotosport pole haigus, vaid puue. Haigust saab ravida, aga puuet ravida ei saa,\u201c naljatab p\u00f5llumees.<\/p>\n<p class=\"isSelectedEnd\">\u00dchel hetkel l\u00e4ks hobi lihtsalt k\u00e4est \u00e4ra: Peeter Peek rajas Raasilla moto- ja vabaajakeskuse, kus on korraldatud <a rel=\"noopener nofollow\" target=\"_blank\" href=\"https:\/\/www.delfi.ee\/teema\/40039437\/rallikross\" tag-id=\"40039437\">rallikrossi<\/a>-, drifti- ja supermotov\u00f5istlusi ning Balti meistriv\u00f5istluste etappe. Idee elluviimine v\u00f5ttis kokku seitse aastat ja motokeskusest on saanud omaette ettev\u00f5tmine, mis vajab samuti igap\u00e4evast t\u00e4helepanu.<\/p>\n<p>Isa talu j\u00e4tkaja omal moel<\/p>\n<p class=\"isSelectedEnd\">Peeter Peek on isa talu j\u00e4tkaja, kuid mitte isa t\u00f6\u00f6 kopeerija.<\/p>\n<p class=\"isSelectedEnd\">Isa pidas loomi, poeg kasvatas ettev\u00f5ttest <a rel=\"noopener nofollow\" target=\"_blank\" href=\"https:\/\/www.delfi.ee\/teema\/70937141\/teraviljakasvatus\" tag-id=\"70937141\">teraviljakasvatuse<\/a> ja rohus\u00f6\u00f6tade tootmisega tegeleva p\u00f5llumajandusettev\u00f5tte. Samal ajal on peres arendatud ka teisi tegevussuundi. Peeter keskendub p\u00f5llumajandusele, tema vend T\u00f5nu Peek tegeleb teistes ettev\u00f5tmistes muu hulgas transpordi- ja kaevet\u00f6\u00f6dega.<\/p>\n<p class=\"isSelectedEnd\">P\u00f5llumajanduse tulevikku Peek ei ilusta. Tema s\u00f5nul v\u00f5ib investeerida tehnoloogiasse, arvutada kulusid ja teha plaane. Aga ei saa takistada vihma, m\u00f5jutada viljahinda ega otsustada, kui palju keegi teine on valmis maa eest maksma.<\/p>\n<p class=\"isSelectedEnd\">\u201eEks p\u00f5llumees loodab,\u201c \u00fctleb ta. \u201eJa motospordi kogemus aitab riske v\u00f5tta, neid adekvaatselt hinnata ja mitte kunagi alla anda.\u201c<\/p>\n<p>Kuidas see lugu Sind end tundma pani?Saada<a href=\"https:\/\/maaleht.delfi.ee\/artikkel\/120607537\/peeter-peek-pollumees-loodab-ikka-edasi-ja-ka-rallimees-ei-lopeta\/kommentaarid\" class=\"button button--primary button--size-auto article-body-bottom__comment article-body-bottom__comment--write\" style=\"\" rel=\"nofollow noopener\" target=\"_blank\">Kommenteeri<\/a><a href=\"https:\/\/maaleht.delfi.ee\/artikkel\/120607537\/peeter-peek-pollumees-loodab-ikka-edasi-ja-ka-rallimees-ei-lopeta\/kommentaarid\" class=\"button button--size-auto article-body-bottom__comment article-body-bottom__comment--read\" style=\"\" rel=\"nofollow noopener\" target=\"_blank\">Loe kommentaare <\/a><\/p>\n","protected":false},"excerpt":{"rendered":"\u201eEks ta v\u00e4ike lapsep\u00f5lvetrauma tagaj\u00e4rg ole,\u201c \u00fctleb Peek. Isalt \u00fcle v\u00f5etud talus on loomad n\u00fc\u00fcdseks l\u00e4inud. Peek harib&hellip;\n","protected":false},"author":2,"featured_media":267032,"comment_status":"","ping_status":"","sticky":false,"template":"","format":"standard","meta":{"footnotes":"","_share_on_mastodon":"0"},"categories":[16],"tags":[37,33,35,173,34,36,532,140,3424,4571,103462,1772],"class_list":["post-267031","post","type-post","status-publish","format-standard","has-post-thumbnail","category-meelelahutus","tag-ee","tag-eesti","tag-eesti-keel","tag-entertainment","tag-estonia","tag-estonian","tag-hein","tag-meelelahutus","tag-pollumajandus","tag-rallikross","tag-teraviljakasvatus","tag-viljandimaa"],"share_on_mastodon":{"url":"https:\/\/pubeurope.com\/@ee\/117203632937470321","error":""},"_links":{"self":[{"href":"https:\/\/www.europesays.com\/ee\/wp-json\/wp\/v2\/posts\/267031","targetHints":{"allow":["GET"]}}],"collection":[{"href":"https:\/\/www.europesays.com\/ee\/wp-json\/wp\/v2\/posts"}],"about":[{"href":"https:\/\/www.europesays.com\/ee\/wp-json\/wp\/v2\/types\/post"}],"author":[{"embeddable":true,"href":"https:\/\/www.europesays.com\/ee\/wp-json\/wp\/v2\/users\/2"}],"replies":[{"embeddable":true,"href":"https:\/\/www.europesays.com\/ee\/wp-json\/wp\/v2\/comments?post=267031"}],"version-history":[{"count":0,"href":"https:\/\/www.europesays.com\/ee\/wp-json\/wp\/v2\/posts\/267031\/revisions"}],"wp:featuredmedia":[{"embeddable":true,"href":"https:\/\/www.europesays.com\/ee\/wp-json\/wp\/v2\/media\/267032"}],"wp:attachment":[{"href":"https:\/\/www.europesays.com\/ee\/wp-json\/wp\/v2\/media?parent=267031"}],"wp:term":[{"taxonomy":"category","embeddable":true,"href":"https:\/\/www.europesays.com\/ee\/wp-json\/wp\/v2\/categories?post=267031"},{"taxonomy":"post_tag","embeddable":true,"href":"https:\/\/www.europesays.com\/ee\/wp-json\/wp\/v2\/tags?post=267031"}],"curies":[{"name":"wp","href":"https:\/\/api.w.org\/{rel}","templated":true}]}}