{"id":267037,"date":"2026-09-02T21:47:20","date_gmt":"2026-09-02T21:47:20","guid":{"rendered":"https:\/\/www.europesays.com\/ee\/267037\/"},"modified":"2026-09-02T21:47:20","modified_gmt":"2026-09-02T21:47:20","slug":"alkojoobe-tunnustega-juht-pohjustas-laagris-kahe-eaka-kannatanuga-liiklusonnetuse","status":"publish","type":"post","link":"https:\/\/www.europesays.com\/ee\/267037\/","title":{"rendered":"Alkojoobe tunnustega juht p\u00f5hjustas Laagris kahe eaka kannatanuga liiklus\u00f5nnetuse"},"content":{"rendered":"<p>Kell 09.22 teatati liiklus\u00f5nnetusest <a rel=\"noopener nofollow\" target=\"_blank\" href=\"https:\/\/www.delfi.ee\/teema\/1094\/tallinn\" tag-id=\"1094\">Tallinnas<\/a> Tartu mnt 10 juures, kus 74-aastane mees s\u00f5itis s\u00f5iduautoga Mercedes-Benz R280 CDI otsa \u00fclek\u00e4igurajal s\u00f5iduteed \u00fcletanud jalak\u00e4ijale, 12-aastasele t\u00fcdrukule. Jalak\u00e4ija toimetati haiglasse.<\/p>\n<p>Kell 09.37 teatati liiklus\u00f5nnetusest Tallinnas J\u00e4rvevana teel Renniotsa \u00fchistranspordipeatuse juures, kus 34-aastane mees s\u00f5itis s\u00f5idukiga Ford Transit otsa ees peatunud s\u00f5iduautole Mazda CX-3, mida juhtis 40-aastane naine. Kokkup\u00f5rke tagaj\u00e4rjel paiskus Mazda otsa ees peatunud s\u00f5iduautole Audi Q5, mida juhtis 55-aastane mees. Mazdas kaass\u00f5itjana viibinud 9-aastane t\u00fcdruk toimetati haiglasse.<\/p>\n<p>Kell 09.56 teatati liiklus\u00f5nnetusest P\u00f5lvamaal P\u00f5lva vallas Rosma k\u00fclas Sook\u00fcla tee 5 juures, kus 14-aastane poiss s\u00f5itis s\u00f5idukiga Microcar M.GO teelt v\u00e4lja. S\u00f5iduki juht toimetati haiglasse.<\/p>\n<p>Kell 12.10 toimus liiklus\u00f5nnetus Tallinnas P\u00e4rnu mnt ja Teelise tn ristmikul,  kus keelava fooritule ajal s\u00f5iduautoga Chrysler Grand Voyager vasakp\u00f6\u00f6ret sooritanud alkoholijoobe tunnustega 54-aastane mees ei andnud teed s\u00f5iduautole Toyota Yaris, mida juhtis 46-aastane naine. Toyotas kaass\u00f5itjatena viibinud 79-aastane mees ja 78-aastane naine toimetati haiglasse.<\/p>\n<p>Kell 17.10 teatati liiklus\u00f5nnetusest P\u00e4rnus Riia mnt ja Mere tn ristmikul, kus 10-aastane t\u00fcdruk s\u00f5itis jalgrattaga \u00fclek\u00e4igurajale ja sai l\u00f6\u00f6gi s\u00f5iduautolt Toyota Yaris Cross, mida juhtis 20-aastane mees. Jalgrattur toimetati haiglasse kontrolli.<\/p>\n<p><a href=\"https:\/\/www.delfi.ee\/artikkel\/120607728\/alkojoobe-tunnustega-juht-pohjustas-laagris-kahe-eaka-kannatanuga-liiklusonnetuse\/kommentaarid\" class=\"button button--primary button--size-auto article-body-bottom__comment article-body-bottom__comment--write\" style=\"\" rel=\"nofollow noopener\" target=\"_blank\">Kommenteeri<\/a><a href=\"https:\/\/www.delfi.ee\/artikkel\/120607728\/alkojoobe-tunnustega-juht-pohjustas-laagris-kahe-eaka-kannatanuga-liiklusonnetuse\/kommentaarid\" class=\"button button--size-auto article-body-bottom__comment article-body-bottom__comment--read\" style=\"\" rel=\"nofollow noopener\" target=\"_blank\">Loe kommentaare (1)<\/a><\/p>\n","protected":false},"excerpt":{"rendered":"Kell 09.22 teatati liiklus\u00f5nnetusest Tallinnas Tartu mnt 10 juures, kus 74-aastane mees s\u00f5itis s\u00f5iduautoga Mercedes-Benz R280 CDI otsa&hellip;\n","protected":false},"author":2,"featured_media":267038,"comment_status":"","ping_status":"","sticky":false,"template":"","format":"standard","meta":{"footnotes":"","_share_on_mastodon":"0"},"categories":[12],"tags":[26,27,37,33,35,34,36,31,32,21,28,29,349,19,25,2130,23,24,22,20,30],"class_list":["post-267037","post","type-post","status-publish","format-standard","has-post-thumbnail","category-eesti","tag-breaking-news","tag-breakingnews","tag-ee","tag-eesti","tag-eesti-keel","tag-estonia","tag-estonian","tag-featured-news","tag-featurednews","tag-headlines","tag-latest-news","tag-latestnews","tag-liiklusonnetus","tag-news","tag-populaarseimad-lood","tag-tallinn","tag-top-stories","tag-topstories","tag-uldised-uudised","tag-uudised","tag-viimased-uudised"],"share_on_mastodon":{"url":"https:\/\/pubeurope.com\/@ee\/117203648105613310","error":""},"_links":{"self":[{"href":"https:\/\/www.europesays.com\/ee\/wp-json\/wp\/v2\/posts\/267037","targetHints":{"allow":["GET"]}}],"collection":[{"href":"https:\/\/www.europesays.com\/ee\/wp-json\/wp\/v2\/posts"}],"about":[{"href":"https:\/\/www.europesays.com\/ee\/wp-json\/wp\/v2\/types\/post"}],"author":[{"embeddable":true,"href":"https:\/\/www.europesays.com\/ee\/wp-json\/wp\/v2\/users\/2"}],"replies":[{"embeddable":true,"href":"https:\/\/www.europesays.com\/ee\/wp-json\/wp\/v2\/comments?post=267037"}],"version-history":[{"count":0,"href":"https:\/\/www.europesays.com\/ee\/wp-json\/wp\/v2\/posts\/267037\/revisions"}],"wp:featuredmedia":[{"embeddable":true,"href":"https:\/\/www.europesays.com\/ee\/wp-json\/wp\/v2\/media\/267038"}],"wp:attachment":[{"href":"https:\/\/www.europesays.com\/ee\/wp-json\/wp\/v2\/media?parent=267037"}],"wp:term":[{"taxonomy":"category","embeddable":true,"href":"https:\/\/www.europesays.com\/ee\/wp-json\/wp\/v2\/categories?post=267037"},{"taxonomy":"post_tag","embeddable":true,"href":"https:\/\/www.europesays.com\/ee\/wp-json\/wp\/v2\/tags?post=267037"}],"curies":[{"name":"wp","href":"https:\/\/api.w.org\/{rel}","templated":true}]}}