{"id":267051,"date":"2026-09-02T22:11:13","date_gmt":"2026-09-02T22:11:13","guid":{"rendered":"https:\/\/www.europesays.com\/ee\/267051\/"},"modified":"2026-09-02T22:11:13","modified_gmt":"2026-09-02T22:11:13","slug":"live-nation-estonia-juht-eva-palm-meenutas-pitbulli-riia-kontserdi-arajaamist-keegi-ei-otsinud-suudlast-see-olukord-oli-vaja-ara-lahendada","status":"publish","type":"post","link":"https:\/\/www.europesays.com\/ee\/267051\/","title":{"rendered":"Live Nation Estonia juht Eva Palm meenutas Pitbulli Riia kontserdi \u00e4raj\u00e4\u00e4mist: keegi ei otsinud s\u00fc\u00fcdlast, see olukord oli vaja \u00e4ra lahendada"},"content":{"rendered":"<p>Kroonika kirjutas 28. juuli hilis\u00f5htul, et Riias Me\u017eaparksis 29. juulil toimuma pidanud Pitbulli kontsert j\u00e4\u00e4b \u00e4ra. Kontserdile plaanisid minna ka tuhanded eestlased. Osa neist oli halva uudise avaldamise hetkeks juba Riiga reisinud.<\/p>\n<p>N\u00fc\u00fcd, \u00fcle kuu aja hiljem, avaldas Live Nationi juht Eva Palm, miks Pitbulli kontsert \u00e4ra j\u00e4i. Eva s\u00f5nul oli Pitbulli kontserdi juhtum \u00fcks tema viimaseid ja suurimaid kontserdikorralduse ajal tekkinud kriise.<\/p>\n","protected":false},"excerpt":{"rendered":"Kroonika kirjutas 28. juuli hilis\u00f5htul, et Riias Me\u017eaparksis 29. juulil toimuma pidanud Pitbulli kontsert j\u00e4\u00e4b \u00e4ra. Kontserdile plaanisid&hellip;\n","protected":false},"author":2,"featured_media":267052,"comment_status":"","ping_status":"","sticky":false,"template":"","format":"standard","meta":{"footnotes":"","_share_on_mastodon":"0"},"categories":[12],"tags":[26,27,37,33,35,34,36,31,32,208,21,206,323,1426,287,241,28,29,1648,140,1646,144,19,25,322,150,1645,280,1651,1649,1647,23,24,1652,1650,22,20,30],"class_list":["post-267051","post","type-post","status-publish","format-standard","has-post-thumbnail","category-eesti","tag-breaking-news","tag-breakingnews","tag-ee","tag-eesti","tag-eesti-keel","tag-estonia","tag-estonian","tag-featured-news","tag-featurednews","tag-film","tag-headlines","tag-horoskoop","tag-inimesed","tag-kino","tag-kosmos","tag-kuulsused","tag-latest-news","tag-latestnews","tag-mangukoobas","tag-meelelahutus","tag-mp3","tag-muusika","tag-news","tag-populaarseimad-lood","tag-raadio","tag-seks","tag-staarid","tag-teadus","tag-telekava","tag-telekavad","tag-teletupsud","tag-top-stories","tag-topstories","tag-tv-kava","tag-tv-kavad","tag-uldised-uudised","tag-uudised","tag-viimased-uudised"],"share_on_mastodon":{"url":"","error":"Validation failed: Text character limit of 500 exceeded"},"_links":{"self":[{"href":"https:\/\/www.europesays.com\/ee\/wp-json\/wp\/v2\/posts\/267051","targetHints":{"allow":["GET"]}}],"collection":[{"href":"https:\/\/www.europesays.com\/ee\/wp-json\/wp\/v2\/posts"}],"about":[{"href":"https:\/\/www.europesays.com\/ee\/wp-json\/wp\/v2\/types\/post"}],"author":[{"embeddable":true,"href":"https:\/\/www.europesays.com\/ee\/wp-json\/wp\/v2\/users\/2"}],"replies":[{"embeddable":true,"href":"https:\/\/www.europesays.com\/ee\/wp-json\/wp\/v2\/comments?post=267051"}],"version-history":[{"count":0,"href":"https:\/\/www.europesays.com\/ee\/wp-json\/wp\/v2\/posts\/267051\/revisions"}],"wp:featuredmedia":[{"embeddable":true,"href":"https:\/\/www.europesays.com\/ee\/wp-json\/wp\/v2\/media\/267052"}],"wp:attachment":[{"href":"https:\/\/www.europesays.com\/ee\/wp-json\/wp\/v2\/media?parent=267051"}],"wp:term":[{"taxonomy":"category","embeddable":true,"href":"https:\/\/www.europesays.com\/ee\/wp-json\/wp\/v2\/categories?post=267051"},{"taxonomy":"post_tag","embeddable":true,"href":"https:\/\/www.europesays.com\/ee\/wp-json\/wp\/v2\/tags?post=267051"}],"curies":[{"name":"wp","href":"https:\/\/api.w.org\/{rel}","templated":true}]}}