{"id":267053,"date":"2026-09-02T22:12:19","date_gmt":"2026-09-02T22:12:19","guid":{"rendered":"https:\/\/www.europesays.com\/ee\/267053\/"},"modified":"2026-09-02T22:12:19","modified_gmt":"2026-09-02T22:12:19","slug":"hussar-kaitseminister-peab-oma-tegusid-avalikkusele-selgitama","status":"publish","type":"post","link":"https:\/\/www.europesays.com\/ee\/267053\/","title":{"rendered":"Hussar: kaitseminister peab oma tegusid avalikkusele selgitama"},"content":{"rendered":"<p>Eesti 200 riigikogu fraktsiooni esimees Toomas Uibo <a rel=\"noopener follow nofollow\" target=\"_blank\" href=\"https:\/\/www.err.ee\/1610125909\/uibo-mina-isiklikult-ei-nae-et-pevkur-saaks-jatkata-ministrina\" data-rel-date-range=\"[]\">\u00fctles t\u00e4nahommikuses \u201eTerevisioonis<\/a>\u201c, et tema ei n\u00e4e, et kaitseminister saaks ministrina j\u00e4tkata. \u201eMa v\u00e4ga loodan, et Reformierakond teeb kiired otsused ja v\u00f5tab vastutuse. Kas see on ministri tagasiastumine v\u00f5i midagi muud, see on pigem nende otsustada,\u201c s\u00f5nas ta. <\/p>\n<p>Riigikogu esimees Lauri Hussar (<a rel=\"noopener nofollow\" target=\"_blank\" href=\"https:\/\/www.delfi.ee\/teema\/96945426\/e200\" data-rel-date-range=\"[]\">E200<\/a>) s\u00f5nas Delfile, kuidas ootab, et kaitseminister oma tegusid avalikkusele selgitaks. \u201eArvestades selle teema kaalukust ja seda, et me oleme k\u00f5ik v\u00e4ga palju pingutanud kaitsevaldkonna eelarve nimel, siis kindlasti peab <a rel=\"noopener nofollow\" target=\"_blank\" href=\"https:\/\/www.delfi.ee\/teema\/56497486\/hanno-pevkur\" tag-id=\"56497486\">Hanno Pevkur<\/a> andma avalikkusele ja ka Riigikogu liikmetele ammendavad vastused,\u201c s\u00f5nas ta.  <\/p>\n<p>Reformierakonna juhatuses olev Maris Lauri \u00fctles aga Delfile, et enne oma seisukoha andmist plaanib ta arutada asja erakonnakeskis ja alles siis avalikkuses. Reformierakonna riigikogu fraktsiooni esimees \u00d5nne Pillak m\u00e4rkis aga, et kuna kaitsesse l\u00e4heb v\u00e4ga suur hulk raha riigieelarvest ja sellega kaasneb suur vastutus, siis ka rahakasutus peab olema selge ja kontrollitud. <\/p>\n<p>\u201eRiigikontrolli v\u00e4lja toodud probleemid tuleb kindlasti lahendada. Poliitiline vastutus antud olukorras j\u00e4\u00e4b kaitseministrile. Millise otsuse ta teeb, on tema s\u00fcdametunnistuse k\u00fcsimus,\u201c m\u00e4rkis ta. <\/p>\n<p>Opositsioon on Pevkuri j\u00e4tkamisele vastu<\/p>\n<p>Isamaa juhi Urmas Reinsalu hinnangul on kaitseministeerium parlamendile valetanud ning ta peab olukorda julgeolekuriskiks.<\/p>\n<p>\u201eRiigikaitsev\u00f5ime juhtimine on t\u00e4pselt samasugune julgeoleku element \u2013 et meil on \u00fclevaade, mis on meie k\u00e4sutuses ja et see toimib laitmatult, selle ressursiga opereerimine. Teiseks, mis on julgeolekurisk, on niisugused signaalid \u00fchiskonna jaoks, mis l\u00f5huvad usaldust julgeoleku vastu. See ei ole nali. See on k\u00f5ige olulisem, prioriteetsem valdkond,\u201c m\u00e4rkis Reinsalu ja lisas, et kui eelmise aasta s\u00fcgisel kohtuti, siis oli k\u00f5igi \u00fchine seisukoht probleemid lahendada. \u201eM\u00f6\u00f6dunud on aasta ja tegelikkuses on need probleemid s\u00fcvenenud.\u201c<\/p>\n<p>Sotsiaaldemokraatide juht Lauri L\u00e4\u00e4nemetsa s\u00f5nul vajab olukord parlamentaarset kontrolli ja j\u00e4relevalvet. Ministrit umbusaldama ta veel ei kiirusta, kuid see pole ka v\u00e4listatud. \u201eSeal on reaalselt v\u00f5ib-olla ka suure rahalise m\u00f5juga ja siis ka v\u00f5imalikke nii-\u00f6elda v\u00e4\u00e4rkasutamise olukordi tekitavad asjaolud. Seal on suure t\u00f5en\u00e4osusega riigile v\u00e4ga suures ulatuses v\u00f5imalikku kahju tekitatud nende lepingutega. See k\u00f5ik n\u00e4eb v\u00e4lja v\u00e4ga halb,\u201c t\u00f5des L\u00e4\u00e4nemets ja lisas, et tegemist on ilmselt \u00fche suurima korralagedusega kuskil valitsemisalas.<\/p>\n<p>Keskerakonna esimehe <a rel=\"noopener nofollow\" target=\"_blank\" href=\"https:\/\/www.delfi.ee\/teema\/56768234\/mihhail-kolvart\" data-rel-date-range=\"[]\">Mihhail K\u00f5lvart<\/a>i s\u00f5nul on <a rel=\"noopener nofollow\" target=\"_blank\" href=\"https:\/\/www.delfi.ee\/teema\/26155447\/riigikontroll\" tag-id=\"26155447\">riigikontrolli<\/a> v\u00e4rske raport kaitsevaldkonnas toimuva kohta t\u00f5end valitsuse s\u00fcsteemsest l\u00e4bikukkumisest ning seet\u00f5ttu tehakse ettepanek korraldada erakorralised valimised.<\/p>\n<p>EKRE esimees Martin Helme s\u00f5nas, et l\u00f5puks vastutab k\u00f5ikide ministrite eest peaminister.<\/p>\n<p>\u201eMe teame k\u00fcll, et Michal on esimesest p\u00e4evast alates olnud selline peaminister, kes teeb n\u00e4o, et tema ministrite eba\u00f5nnestumised, l\u00e4bikukkumised ja k\u00e4kid ei puutu temasse, aga tegelikult puutuvad k\u00fcll. Peaministril on esmane vastutus oma t\u00f6\u00f6ga mitte hakkama saavaid v\u00f5i lakkamatuid skandaale tekitavad ministrid tagasi kutsuda,\u201c \u00fctles Helme ja lisas, et praegu tuleb oodata, mida \u00fctleb Michal selle k\u00f5ige kohta.<\/p>\n<p>Michal kutsus Pevkuri vaibale<\/p>\n<p>Michal teatas eile, et kutsus neljap\u00e4eva varahommikuks kokku valitsuskabineti n\u00f5upidamise, kus palub riigikontrol\u00f6r Janar Holmilt teha \u00fclevaate raamatupidamise ebaselgusest.<\/p>\n<p>\u201eKaitseminister Hanno Pevkurilt, kaitsev\u00e4e juhatajalt Andrus Merilolt, RKIKi juhilt Elmar Vaherilt ja kaitseministeeriumi kantslerilt Kaimo Kuuselt ootan neljap\u00e4eval samal kohtumisel konkreetset tegevusplaani probleemide kiireks lahendamiseks,\u201c kirjutas Michal.<\/p>\n<p><a rel=\"noopener follow nofollow\" target=\"_blank\" href=\"https:\/\/www.delfi.ee\/artikkel\/120606765\/videod-kaitseminister-kas-astute-tagasi-pevkur-raha-voolab-peale-eksimusi-voib-ikka-tulla\" data-rel-date-range=\"[]\">Pevkur (Reformierakond) \u00fctles reedel v\u00e4lkintervjuus Delfile<\/a>, et asjad on vaja korda teha. \u201eSee, et riigikaitsesse on raha juurde tulnud, ei ole kellelegi \u00fcllatus. See, et rahade juurde tulemisega on soetuses v\u00e4ga palju uut tehnikat ja uut kaitsev\u00f5imet, ei ole ka kellelegi \u00fcllatus. Need asjad on vaja ka korralikult arvele v\u00f5tta. Loomulikult tuleb. Aga kas nii suurte s\u00fcsteemide puhul ja eriti nii suure raha pealevoolu juures v\u00f5ib tulla eksimusi sisse? Kindlasti v\u00f5ib,\u201c r\u00e4\u00e4kis ta.<\/p>\n<p>Kuidas see lugu Sind end tundma pani?Saada<a href=\"https:\/\/www.delfi.ee\/artikkel\/120607783\/hussar-kaitseminister-peab-oma-tegusid-avalikkusele-selgitama\/kommentaarid\" class=\"button button--primary button--size-auto article-body-bottom__comment article-body-bottom__comment--write\" style=\"\" rel=\"nofollow noopener\" target=\"_blank\">Kommenteeri<\/a><a href=\"https:\/\/www.delfi.ee\/artikkel\/120607783\/hussar-kaitseminister-peab-oma-tegusid-avalikkusele-selgitama\/kommentaarid\" class=\"button button--size-auto article-body-bottom__comment article-body-bottom__comment--read\" style=\"\" rel=\"nofollow noopener\" target=\"_blank\">Loe kommentaare (63)<\/a><\/p>\n","protected":false},"excerpt":{"rendered":"Eesti 200 riigikogu fraktsiooni esimees Toomas Uibo \u00fctles t\u00e4nahommikuses \u201eTerevisioonis\u201c, et tema ei n\u00e4e, et kaitseminister saaks ministrina&hellip;\n","protected":false},"author":2,"featured_media":267054,"comment_status":"","ping_status":"","sticky":false,"template":"","format":"standard","meta":{"footnotes":"","_share_on_mastodon":"0"},"categories":[5],"tags":[19193,26,27,103467,37,33,35,34,36,31,32,492,21,1152,28,29,19,25,643,8012,23,24,22,20,30],"class_list":["post-267053","post","type-post","status-publish","format-standard","has-post-thumbnail","category-uldised-uudised","tag-audit","tag-breaking-news","tag-breakingnews","tag-e200","tag-ee","tag-eesti","tag-eesti-keel","tag-estonia","tag-estonian","tag-featured-news","tag-featurednews","tag-hanno-pevkur","tag-headlines","tag-kaitseministeerium","tag-latest-news","tag-latestnews","tag-news","tag-populaarseimad-lood","tag-reformierakond","tag-riigikontroll","tag-top-stories","tag-topstories","tag-uldised-uudised","tag-uudised","tag-viimased-uudised"],"share_on_mastodon":{"url":"https:\/\/pubeurope.com\/@ee\/117203746258342555","error":""},"_links":{"self":[{"href":"https:\/\/www.europesays.com\/ee\/wp-json\/wp\/v2\/posts\/267053","targetHints":{"allow":["GET"]}}],"collection":[{"href":"https:\/\/www.europesays.com\/ee\/wp-json\/wp\/v2\/posts"}],"about":[{"href":"https:\/\/www.europesays.com\/ee\/wp-json\/wp\/v2\/types\/post"}],"author":[{"embeddable":true,"href":"https:\/\/www.europesays.com\/ee\/wp-json\/wp\/v2\/users\/2"}],"replies":[{"embeddable":true,"href":"https:\/\/www.europesays.com\/ee\/wp-json\/wp\/v2\/comments?post=267053"}],"version-history":[{"count":0,"href":"https:\/\/www.europesays.com\/ee\/wp-json\/wp\/v2\/posts\/267053\/revisions"}],"wp:featuredmedia":[{"embeddable":true,"href":"https:\/\/www.europesays.com\/ee\/wp-json\/wp\/v2\/media\/267054"}],"wp:attachment":[{"href":"https:\/\/www.europesays.com\/ee\/wp-json\/wp\/v2\/media?parent=267053"}],"wp:term":[{"taxonomy":"category","embeddable":true,"href":"https:\/\/www.europesays.com\/ee\/wp-json\/wp\/v2\/categories?post=267053"},{"taxonomy":"post_tag","embeddable":true,"href":"https:\/\/www.europesays.com\/ee\/wp-json\/wp\/v2\/tags?post=267053"}],"curies":[{"name":"wp","href":"https:\/\/api.w.org\/{rel}","templated":true}]}}