{"id":267067,"date":"2026-09-02T22:43:20","date_gmt":"2026-09-02T22:43:20","guid":{"rendered":"https:\/\/www.europesays.com\/ee\/267067\/"},"modified":"2026-09-02T22:43:20","modified_gmt":"2026-09-02T22:43:20","slug":"raskemuusika-festivalid-suurendavad-valutaluvust-psuuhika","status":"publish","type":"post","link":"https:\/\/www.europesays.com\/ee\/267067\/","title":{"rendered":"Raskemuusika festivalid suurendavad valutaluvust | Ps\u00fc\u00fchika"},"content":{"rendered":"<p>Metal-muusika festivalil osalemise j\u00e4rel suudavad inimesed paremini taluda valuga kaasnevat ebamugavust, <a href=\"https:\/\/www.nature.com\/articles\/s41598-026-67389-x\" rel=\"nofollow noopener\" target=\"_blank\">leidsid<\/a> Saksa ja Belgia teadlased.<\/p>\n<p>Valju ja sageli s\u00fcngev\u00f5itu metal-muusikat peetakse tihti pigem agressiivseks ja vihaseks. Tegelikkuses v\u00f5ib aga just sellises helimaailmas viibimine muuta inimese f\u00fc\u00fcsilise valu suhtes vastupidavamaks. V\u00e4rske uuring n\u00e4itab, et raskemuusikafestivalil osalemine t\u00f5stab oluliselt inimeste valutaluvust. Teisis\u00f5nu suudab inimene tekkinud ebamugavust kauem v\u00e4lja kannatada.<\/p>\n<p>Saksamaa ja Belgia teadlased tegid v\u00e4likatse maailmakuulsal Wackeni metal-festivalil. Nad palusid enam kui sajal vabatahtlikul hoida oma k\u00e4tt kahekraadises j\u00e4\u00e4vees. Umbes pooled uuringus osalejaid pandi proovile p\u00e4ev enne festivali algust, teine pool aga s\u00fcndmuse kolmandal ja neljandal p\u00e4eval.<\/p>\n<p>T\u00f6\u00f6r\u00fchm tegi andmestikuga kaks anal\u00fc\u00fcsi. Teisel korral j\u00e4tsid nad sealt k\u00f5rvale rohke alkoholitarbimisega silma paistnud inimesed. Anal\u00fc\u00fcs n\u00e4itas seej\u00e4rel, et festivalimelus viibijad suutsid kontrollr\u00fchmaga v\u00f5rreldes j\u00e4\u00e4k\u00fclma vett m\u00e4rkimisv\u00e4\u00e4rselt kauem taluda.<\/p>\n<p>Huvitaval kombel ei v\u00e4henenud nende valukaebused ega tundlikkus \u2013 valu tekkis sama kiiresti ja tundus t\u00e4pselt sama ebameeldiv kui enne festivali. K\u00fcll aga suutsid nad seda lihtsalt pikema aja v\u00e4ltel v\u00e4lja kannatada. Samuti ei selgitanud valul\u00e4ve t\u00f5usu inimeste ootus\u00e4revus ega r\u00f5\u00f5m, mis seostus festivali ajal valu talumisega pigem isegi negatiivselt.<\/p>\n<p>Leiul on mitmetahuline seletus. Teadlaste s\u00f5nul kasvas festivalik\u00fclastajate ps\u00fchholoogiline vastupanuv\u00f5ime ehk s\u00e4ilen\u00f5tkus. Metal-muusika k\u00e4sitleb sageli karmi elutegelikkust ja keerulisi tundeid. Sestap v\u00f5ib see koos energilise helipildiga kasvatada inimeste usku iseenda v\u00f5imetesse, \u00f5petades raskusi aktsepteerima, mitte neid kunstliku r\u00f5\u00f5msameelsuse taha peitma.<\/p>\n<p>F\u00fcsioloogilisel tasandil pakuvad uurijad v\u00e4lja ka muusika oks\u00fctotsiini-h\u00fcpoteesi. Nad oletavad, et tugev sotsiaalne elamus ja elav muusika v\u00f5ivad kehas vallandada heaoluhormooni oks\u00fctotsiini. See leevendab \u00fchest k\u00fcljest valuaistinguid. Teisest k\u00fcljest p\u00e4rsib tugev alkoholijoove aga selle soodsat toimet.<\/p>\n<p>Tulemused on avaldatud ajakirjas <a href=\"https:\/\/www.nature.com\/articles\/s41598-026-67389-x\" target=\"_blank\" rel=\"noopener nofollow\">Scientific Reports<\/a>.<\/p>\n<p>Teadusuudised on Vikerraadios eetris esmasp\u00e4evast reedeni ca kell 8.35 ja laup\u00e4eval ca kell 8.25.<\/p>\n","protected":false},"excerpt":{"rendered":"Metal-muusika festivalil osalemise j\u00e4rel suudavad inimesed paremini taluda valuga kaasnevat ebamugavust, leidsid Saksa ja Belgia teadlased. Valju ja&hellip;\n","protected":false},"author":2,"featured_media":267068,"comment_status":"","ping_status":"","sticky":false,"template":"","format":"standard","meta":{"footnotes":"","_share_on_mastodon":"0"},"categories":[80],"tags":[26,27,37,33,35,34,36,13033,31,32,45409,21,28,29,95,26306,15378,20009,19,25,46368,103477,103478,23,24,103476,22,20,6116,23876,30,92,93,94],"class_list":["post-267067","post","type-post","status-publish","format-standard","has-post-thumbnail","category-maailm","tag-breaking-news","tag-breakingnews","tag-ee","tag-eesti","tag-eesti-keel","tag-estonia","tag-estonian","tag-fannid","tag-featured-news","tag-featurednews","tag-festivalid","tag-headlines","tag-latest-news","tag-latestnews","tag-maailm","tag-meeleolu","tag-metal","tag-muusikafestival","tag-news","tag-populaarseimad-lood","tag-raskemuusika","tag-sailenotkus","tag-taluvus","tag-top-stories","tag-topstories","tag-tundlikkus","tag-uldised-uudised","tag-uudised","tag-valu","tag-vastupidavus","tag-viimased-uudised","tag-world","tag-world-news","tag-worldnews"],"share_on_mastodon":{"url":"https:\/\/pubeurope.com\/@ee\/117203868494764162","error":""},"_links":{"self":[{"href":"https:\/\/www.europesays.com\/ee\/wp-json\/wp\/v2\/posts\/267067","targetHints":{"allow":["GET"]}}],"collection":[{"href":"https:\/\/www.europesays.com\/ee\/wp-json\/wp\/v2\/posts"}],"about":[{"href":"https:\/\/www.europesays.com\/ee\/wp-json\/wp\/v2\/types\/post"}],"author":[{"embeddable":true,"href":"https:\/\/www.europesays.com\/ee\/wp-json\/wp\/v2\/users\/2"}],"replies":[{"embeddable":true,"href":"https:\/\/www.europesays.com\/ee\/wp-json\/wp\/v2\/comments?post=267067"}],"version-history":[{"count":0,"href":"https:\/\/www.europesays.com\/ee\/wp-json\/wp\/v2\/posts\/267067\/revisions"}],"wp:featuredmedia":[{"embeddable":true,"href":"https:\/\/www.europesays.com\/ee\/wp-json\/wp\/v2\/media\/267068"}],"wp:attachment":[{"href":"https:\/\/www.europesays.com\/ee\/wp-json\/wp\/v2\/media?parent=267067"}],"wp:term":[{"taxonomy":"category","embeddable":true,"href":"https:\/\/www.europesays.com\/ee\/wp-json\/wp\/v2\/categories?post=267067"},{"taxonomy":"post_tag","embeddable":true,"href":"https:\/\/www.europesays.com\/ee\/wp-json\/wp\/v2\/tags?post=267067"}],"curies":[{"name":"wp","href":"https:\/\/api.w.org\/{rel}","templated":true}]}}