{"id":267069,"date":"2026-09-02T22:44:17","date_gmt":"2026-09-02T22:44:17","guid":{"rendered":"https:\/\/www.europesays.com\/ee\/267069\/"},"modified":"2026-09-02T22:44:17","modified_gmt":"2026-09-02T22:44:17","slug":"parnu-ja-parnumaa-uritused-laupaeval-5-septembril","status":"publish","type":"post","link":"https:\/\/www.europesays.com\/ee\/267069\/","title":{"rendered":"P\u00e4rnu ja P\u00e4rnumaa \u00fcritused laup\u00e4eval, 5. septembril"},"content":{"rendered":"<p class=\"western\">Eliisabeti kirikus<br \/>kl 18 kontserdisari \u00abMusica sacra\u00bb. \u00abMozart 270\u00bb. Kai Kallastu (sopran), Andrus Kallastu (klaver). Kavas Mozart.<\/p>\n<p class=\"western\">Koidula muuseumis<br \/>kl 14 raamatu \u00abEsplanaadi t\u00e4nava muistse muusikatare lugu\u00bb esitlus.<\/p>\n<p class=\"western\">Hahni pubis<br \/>15\u201322.17 E\u00dcE laulude \u00f5htupoolik.<\/p>\n<p class=\"western\">Trahteris Postipoiss<br \/>Parvepoisid.<\/p>\n<p class=\"western\">Rannastaadionil<br \/>kl 17 Premium liiga heategevusm\u00e4ng jalgpallis: P\u00e4rnu JK Vaprus \u2013 FC N\u00f5mme United.<\/p>\n<p class=\"western\">Vaasa pargis<br \/>16\u201321.30 perep\u00e4ev, kl 17.30 P\u00e4rnu \u00f5htujooksu lastejooksude stardid, kl 21 P\u00e4rnu \u00f5htujooksu (3 km) start.<\/p>\n<p class=\"western\">Porsche ringil<br \/>10\u201319 motoringraja Eesti meistriv\u00f5istluste finaaletapp.<\/p>\n<p>P\u00e4rnu muuseumis<br \/>p\u00fcsin\u00e4itus \u00abMadonna ja v\u00f5ti. Manifest ja supelvanker\u00bb.<br \/>Suve- ja nostalgian\u00e4itus \u00abPuhkusemasin\u00bb.<br \/>Galeriiruumis Kuut stendin\u00e4itus \u00abP\u00e4rnumaa \u2013 mis maa see on?\u00bb.<br \/>Avatud T\u2013P 10\u201318.<\/p>\n<p class=\"western\">Uue kunsti muuseumis<br \/>XXXIII rahvusvaheline aktin\u00e4itus \u00abMees ja naine L\u00e4\u00e4nemere lainetel\u00bb.<br \/>Kunstistuudio Aza Nizi Maza (Ukraina) n\u00e4itus \u00abKadunud muinasjutud\u00bb.<br \/>Avatud iga p\u00e4ev 11\u201318.<\/p>\n<p>Kunstnike majas<br \/>Liina Viira isikun\u00e4itus \u00abArgi\u00bb.<br \/>Projektiruumis Kertu Rannula ja Rebeca \u017dukovit\u0161i n\u00e4itus \u00abDigitydrukute dialoogid\u00bb.<br \/>Avatud T\u2013R 11\u201317, L 11\u201314.<\/p>\n<p>Koidula muuseumis<br \/>Lydia Koidula ja J. V. Jannseni elu tutvustav p\u00fcsiekspositsioon.<br \/>2. korrusel n\u00e4itus \u00abHedvig ja Anna. Koidula t\u00fctred\u00bb.<br \/>Aiagaleriis n\u00e4itus \u00abAnatomia Jannseniana. Perekond Jannsenite ihuh\u00e4dad\u00bb.<br \/>Avatud K\u2013L 10\u201318.<\/p>\n<p class=\"western\">Teatrigaleriis<br \/>Janno Bergmanni n\u00e4itus \u00abMikrogenees\u00bb.<\/p>\n<p class=\"western\">Kontserdimaja galeriis<br \/>P\u00e4rnu kunstide kooli kunsti s\u00fcva\u00f5ppe \u00f5pilaste n\u00e4itus.<\/p>\n<p>Punases tornis<br \/>p\u00fcsiekspositsioon \u00abAjaloolise Punase torni, keskaegse P\u00e4rnu ja paikkonna lugu\u00bb.<br \/>Avatud K\u2013P 10\u201318.<\/p>\n<p>Punase torni hoovigaleriis<br \/>stendin\u00e4itus \u00abKirik, k\u00f5rts ja kapsamaa\u00bb.<\/p>\n<p>Pernova loodusmajas<br \/>p\u00fcsin\u00e4itus \u00abP\u00e4rnumaa loodus, loomad, linnud\u00bb.<br \/>Tallinna loomaaia fotokonkursi \u00abZoFo 2025\u00bb parimate piltide n\u00e4itus.<br \/>Avatud iga p\u00e4ev 10\u201318.<\/p>\n<p>Nooruse majas<br \/>portselanimaaliseltsi L\u00fcster p\u00fcsin\u00e4itus.<br \/>Kati \u00d5sso maalide n\u00e4itus \u00abVaiksed lood v\u00e4ikestele vaatajatele\u00bb.<br \/>Avatud E\u2013N 9\u201320, R 10\u201314, P 10\u201312.<\/p>\n<p class=\"western\">Are raamatukogus<br \/>ARSi kunstistuudio liikme Helle Tamme maalin\u00e4itus \u00abM\u00fcstiline maailm\u00bb.<br \/>Avatud T, N 11\u201318; K, R 14\u201318; L 10\u201314.<\/p>\n<p>P\u00e4rnu-Jaagupi raamatukogus<br \/>ARSi kunstistuudio liikme Maire Niguli maalin\u00e4itus \u00abHetked ja unistused\u00bb.<br \/>Avatud E\u2013R 10\u201318.<\/p>\n","protected":false},"excerpt":{"rendered":"Eliisabeti kirikuskl 18 kontserdisari \u00abMusica sacra\u00bb. \u00abMozart 270\u00bb. Kai Kallastu (sopran), Andrus Kallastu (klaver). Kavas Mozart. Koidula muuseumiskl&hellip;\n","protected":false},"author":2,"featured_media":267070,"comment_status":"","ping_status":"","sticky":false,"template":"","format":"standard","meta":{"footnotes":"","_share_on_mastodon":"0"},"categories":[12],"tags":[26,27,37,33,35,34,36,31,32,21,28,29,19,348,25,23,24,22,359,20,1322,30],"class_list":["post-267069","post","type-post","status-publish","format-standard","has-post-thumbnail","category-eesti","tag-breaking-news","tag-breakingnews","tag-ee","tag-eesti","tag-eesti-keel","tag-estonia","tag-estonian","tag-featured-news","tag-featurednews","tag-headlines","tag-latest-news","tag-latestnews","tag-news","tag-parnu-uritused","tag-populaarseimad-lood","tag-top-stories","tag-topstories","tag-uldised-uudised","tag-urituste-kava","tag-uudised","tag-vaba-aeg","tag-viimased-uudised"],"share_on_mastodon":{"url":"https:\/\/pubeurope.com\/@ee\/117203872394873796","error":""},"_links":{"self":[{"href":"https:\/\/www.europesays.com\/ee\/wp-json\/wp\/v2\/posts\/267069","targetHints":{"allow":["GET"]}}],"collection":[{"href":"https:\/\/www.europesays.com\/ee\/wp-json\/wp\/v2\/posts"}],"about":[{"href":"https:\/\/www.europesays.com\/ee\/wp-json\/wp\/v2\/types\/post"}],"author":[{"embeddable":true,"href":"https:\/\/www.europesays.com\/ee\/wp-json\/wp\/v2\/users\/2"}],"replies":[{"embeddable":true,"href":"https:\/\/www.europesays.com\/ee\/wp-json\/wp\/v2\/comments?post=267069"}],"version-history":[{"count":0,"href":"https:\/\/www.europesays.com\/ee\/wp-json\/wp\/v2\/posts\/267069\/revisions"}],"wp:featuredmedia":[{"embeddable":true,"href":"https:\/\/www.europesays.com\/ee\/wp-json\/wp\/v2\/media\/267070"}],"wp:attachment":[{"href":"https:\/\/www.europesays.com\/ee\/wp-json\/wp\/v2\/media?parent=267069"}],"wp:term":[{"taxonomy":"category","embeddable":true,"href":"https:\/\/www.europesays.com\/ee\/wp-json\/wp\/v2\/categories?post=267069"},{"taxonomy":"post_tag","embeddable":true,"href":"https:\/\/www.europesays.com\/ee\/wp-json\/wp\/v2\/tags?post=267069"}],"curies":[{"name":"wp","href":"https:\/\/api.w.org\/{rel}","templated":true}]}}