{"id":267081,"date":"2026-09-02T23:06:08","date_gmt":"2026-09-02T23:06:08","guid":{"rendered":"https:\/\/www.europesays.com\/ee\/267081\/"},"modified":"2026-09-02T23:06:08","modified_gmt":"2026-09-02T23:06:08","slug":"poola-peaminister-hiljutise-droonitehase-runnaku-taga-on-toenaoliselt-venemaa","status":"publish","type":"post","link":"https:\/\/www.europesays.com\/ee\/267081\/","title":{"rendered":"Poola peaminister: hiljutise droonitehase r\u00fcnnaku taga on t\u00f5en\u00e4oliselt Venemaa"},"content":{"rendered":"<p>\u00d6\u00f6l vastu esmasp\u00e4eva puhkes tulekahju \u00fche Poola suurima kaitsefirma WB Electronics tehases, kus toodetakse Ukraina v\u00e4gede poolt kasutatavat lahingvarustust. Poola meedia teatel saadi p\u00f5leng kahe tunniga kontrolli alla ja keegi viga ei saanud.<\/p>\n<p>Viimasel ajal on sagenenud r\u00fcnnakud Ukraina toetamisega ja s\u00f5jalise tootmisega seotud rajatistele. Intsidendi toimumisp\u00e4eval kvalifitseeris Poola prokuratuur selle v\u00e4lisluure poolt toime pandud terroristlikuks kuriteoks, mis h\u00f5lmas tulekahju tahtlikku s\u00fc\u00fctamist, vahendab Politico.<\/p>\n<p>\u201eTegemist on Venemaa eskaleeruva tegevuse j\u00e4tkuga kogu piirkonnas,\u201c \u00fctles Tusk. Ta m\u00e4rkis, et tegu pole esimese ega t\u00f5en\u00e4oliselt ka viimase taolise juhtumiga.<\/p>\n<p>Lisaks tulekahjule droonitehases puhkes Poolas p\u00fchap\u00e4eval teinegi tulekahju. Nimelt p\u00f5les ettev\u00f5tte JFG Composites Lublinis asuv tehas. Ettev\u00f5te toodab komponente lennundust\u00f6\u00f6stusele, sealhulgas lennukite ja helikopterite osi.<\/p>\n<p>Augustikuus toimus Saksamaal Leipzigi lennuv\u00e4ljal droonir\u00fcnnaku katse. Lennuv\u00e4ljalt ja selle l\u00e4hedusest leiti kolm drooni, millest kaks sisaldasid l\u00f5hkeainet. \u00dcks l\u00f5hkeainet sisaldanud droon leiti laskemoona transportiva Ukraina lennuki l\u00e4hedalt.<\/p>\n<p>Saksamaa s\u00fc\u00fcdistas teisip\u00e4eval intsidendis ametlikult Venemaad ja teatas Moskva-vastastest diplomaatilistest meetmetest. Euroopa Liidu riigid toetasid Saksamaa sammu ja n\u00f5udsid t\u00e4iendavaid viisapiiranguid Venemaa kodanikele.<\/p>\n<p>Kuidas see lugu Sind end tundma pani?Saada<a href=\"https:\/\/www.delfi.ee\/artikkel\/120608001\/poola-peaminister-hiljutise-droonitehase-runnaku-taga-on-toenaoliselt-venemaa\/kommentaarid\" class=\"button button--primary button--size-auto article-body-bottom__comment article-body-bottom__comment--write\" style=\"\" rel=\"nofollow noopener\" target=\"_blank\">Kommenteeri<\/a><a href=\"https:\/\/www.delfi.ee\/artikkel\/120608001\/poola-peaminister-hiljutise-droonitehase-runnaku-taga-on-toenaoliselt-venemaa\/kommentaarid\" class=\"button button--size-auto article-body-bottom__comment article-body-bottom__comment--read\" style=\"\" rel=\"nofollow noopener\" target=\"_blank\">Loe kommentaare (1)<\/a><\/p>\n","protected":false},"excerpt":{"rendered":"\u00d6\u00f6l vastu esmasp\u00e4eva puhkes tulekahju \u00fche Poola suurima kaitsefirma WB Electronics tehases, kus toodetakse Ukraina v\u00e4gede poolt kasutatavat&hellip;\n","protected":false},"author":2,"featured_media":267082,"comment_status":"","ping_status":"","sticky":false,"template":"","format":"standard","meta":{"footnotes":"","_share_on_mastodon":"0"},"categories":[80],"tags":[26,27,2213,103481,37,33,35,34,36,31,32,21,28,29,95,19,2003,111,25,23,24,22,20,96,30,92,93,94],"class_list":["post-267081","post","type-post","status-publish","format-standard","has-post-thumbnail","category-maailm","tag-breaking-news","tag-breakingnews","tag-donald-tusk","tag-droonitehas","tag-ee","tag-eesti","tag-eesti-keel","tag-estonia","tag-estonian","tag-featured-news","tag-featurednews","tag-headlines","tag-latest-news","tag-latestnews","tag-maailm","tag-news","tag-poleng","tag-poola","tag-populaarseimad-lood","tag-top-stories","tag-topstories","tag-uldised-uudised","tag-uudised","tag-venemaa","tag-viimased-uudised","tag-world","tag-world-news","tag-worldnews"],"share_on_mastodon":{"url":"https:\/\/pubeurope.com\/@ee\/117203958737317212","error":""},"_links":{"self":[{"href":"https:\/\/www.europesays.com\/ee\/wp-json\/wp\/v2\/posts\/267081","targetHints":{"allow":["GET"]}}],"collection":[{"href":"https:\/\/www.europesays.com\/ee\/wp-json\/wp\/v2\/posts"}],"about":[{"href":"https:\/\/www.europesays.com\/ee\/wp-json\/wp\/v2\/types\/post"}],"author":[{"embeddable":true,"href":"https:\/\/www.europesays.com\/ee\/wp-json\/wp\/v2\/users\/2"}],"replies":[{"embeddable":true,"href":"https:\/\/www.europesays.com\/ee\/wp-json\/wp\/v2\/comments?post=267081"}],"version-history":[{"count":0,"href":"https:\/\/www.europesays.com\/ee\/wp-json\/wp\/v2\/posts\/267081\/revisions"}],"wp:featuredmedia":[{"embeddable":true,"href":"https:\/\/www.europesays.com\/ee\/wp-json\/wp\/v2\/media\/267082"}],"wp:attachment":[{"href":"https:\/\/www.europesays.com\/ee\/wp-json\/wp\/v2\/media?parent=267081"}],"wp:term":[{"taxonomy":"category","embeddable":true,"href":"https:\/\/www.europesays.com\/ee\/wp-json\/wp\/v2\/categories?post=267081"},{"taxonomy":"post_tag","embeddable":true,"href":"https:\/\/www.europesays.com\/ee\/wp-json\/wp\/v2\/tags?post=267081"}],"curies":[{"name":"wp","href":"https:\/\/api.w.org\/{rel}","templated":true}]}}