{"id":267111,"date":"2026-09-03T01:20:13","date_gmt":"2026-09-03T01:20:13","guid":{"rendered":"https:\/\/www.europesays.com\/ee\/267111\/"},"modified":"2026-09-03T01:20:13","modified_gmt":"2026-09-03T01:20:13","slug":"ounamahlaaeg-on-kaes-kas-teha-ounamahl-ise-voi-kasutada-teenust","status":"publish","type":"post","link":"https:\/\/www.europesays.com\/ee\/267111\/","title":{"rendered":"\u00d5unamahlaaeg on k\u00e4es. Kas teha \u00f5unamahl ise v\u00f5i kasutada teenust?"},"content":{"rendered":"<p>Kuigi paljud kasutavad \u00f5unamahla valmistamiseks teenusepakkujaid, on \u00fcha enam ka neid, kes otsustanud investeerida isiklikku mahlapressi ja teha mahla kodus.<\/p>\n<p>Mahlapresside ja tarvikute m\u00fc\u00fcgiga tegeleva veebipoe Mahlapress eestvedaja Denis Laksberg on t\u00e4heldanud, et mahlapresside soetamine on endiselt populaarne. \u201eMahla tegemise traditsioon on Eestis olnud alati tugev ning viimasel ajal on m\u00e4rgata, et pered tahavad \u00fcha enam ise kodus mahla teha. See pole lihtsalt mahla tegemine, vaid kogemus, kus pere ja s\u00f5brad saavad koos aega veeta. See on traditsioon, mis toob r\u00f5\u00f5mu ja loob m\u00e4lestusi,\u201d r\u00e4\u00e4kis ta.<\/p>\n<p>Ostjad valivad masina vastavalt sellele, kui palju mahla on plaanis teha. V\u00e4iksema mahlapressi v\u00f5ib k\u00e4tte saada 200\u2013300 euroga. \u201eMida rohkem \u00f5unu, seda suurem peab olema ka mahlapress,\u201d s\u00f5nas Laksberg. \u201eKui kasvab vaid paar \u00f5unapuud, piisab ka v\u00e4iksemast masinast, kuid suurema koguse puhul on kindlasti vaja v\u00f5imsamat seadet.\u201d<\/p>\n<p>Koduse mahlapressi soetamine v\u00f5ib olla arvestatav v\u00e4ljaminek, kuid see tasub end m\u00f5ne aastaga \u00e4ra. \u201eKui sul on piisavalt \u00f5unu, tasub kindlasti kaaluda oma mahlapressi ostmist. See on majanduslikult m\u00f5istlik, kuna iga-aastane teenuse kasutamine v\u00f5ib kokkuv\u00f5ttes osutuda kallimaks,\u201d selgitas ta.<\/p>\n","protected":false},"excerpt":{"rendered":"Kuigi paljud kasutavad \u00f5unamahla valmistamiseks teenusepakkujaid, on \u00fcha enam ka neid, kes otsustanud investeerida isiklikku mahlapressi ja teha&hellip;\n","protected":false},"author":2,"featured_media":267112,"comment_status":"","ping_status":"","sticky":false,"template":"","format":"standard","meta":{"footnotes":"","_share_on_mastodon":"0"},"categories":[12],"tags":[26,27,37,33,35,34,36,31,32,21,28,29,103498,19,103496,103497,25,23,24,22,20,30],"class_list":["post-267111","post","type-post","status-publish","format-standard","has-post-thumbnail","category-eesti","tag-breaking-news","tag-breakingnews","tag-ee","tag-eesti","tag-eesti-keel","tag-estonia","tag-estonian","tag-featured-news","tag-featurednews","tag-headlines","tag-latest-news","tag-latestnews","tag-mobiilne-ounapress","tag-news","tag-ounamahl","tag-ounapress","tag-populaarseimad-lood","tag-top-stories","tag-topstories","tag-uldised-uudised","tag-uudised","tag-viimased-uudised"],"share_on_mastodon":{"url":"https:\/\/pubeurope.com\/@ee\/117204485752459592","error":""},"_links":{"self":[{"href":"https:\/\/www.europesays.com\/ee\/wp-json\/wp\/v2\/posts\/267111","targetHints":{"allow":["GET"]}}],"collection":[{"href":"https:\/\/www.europesays.com\/ee\/wp-json\/wp\/v2\/posts"}],"about":[{"href":"https:\/\/www.europesays.com\/ee\/wp-json\/wp\/v2\/types\/post"}],"author":[{"embeddable":true,"href":"https:\/\/www.europesays.com\/ee\/wp-json\/wp\/v2\/users\/2"}],"replies":[{"embeddable":true,"href":"https:\/\/www.europesays.com\/ee\/wp-json\/wp\/v2\/comments?post=267111"}],"version-history":[{"count":0,"href":"https:\/\/www.europesays.com\/ee\/wp-json\/wp\/v2\/posts\/267111\/revisions"}],"wp:featuredmedia":[{"embeddable":true,"href":"https:\/\/www.europesays.com\/ee\/wp-json\/wp\/v2\/media\/267112"}],"wp:attachment":[{"href":"https:\/\/www.europesays.com\/ee\/wp-json\/wp\/v2\/media?parent=267111"}],"wp:term":[{"taxonomy":"category","embeddable":true,"href":"https:\/\/www.europesays.com\/ee\/wp-json\/wp\/v2\/categories?post=267111"},{"taxonomy":"post_tag","embeddable":true,"href":"https:\/\/www.europesays.com\/ee\/wp-json\/wp\/v2\/tags?post=267111"}],"curies":[{"name":"wp","href":"https:\/\/api.w.org\/{rel}","templated":true}]}}