{"id":267113,"date":"2026-09-03T01:21:28","date_gmt":"2026-09-03T01:21:28","guid":{"rendered":"https:\/\/www.europesays.com\/ee\/267113\/"},"modified":"2026-09-03T01:21:28","modified_gmt":"2026-09-03T01:21:28","slug":"fis-lubab-neutraalsust-vanduvad-venelased-starti","status":"publish","type":"post","link":"https:\/\/www.europesays.com\/ee\/267113\/","title":{"rendered":"FIS lubab neutraalsust vanduvad venelased starti"},"content":{"rendered":"<p>FISi n\u00f5ukogu kogunes teisip\u00e4eval ja kolmap\u00e4eval \u0160veitsi linnas Thunis, kus \u00fcheks p\u00e4evakorrapunktiks oli ka Venemaa ja Valgevene sportlaste lubamine (v\u00f5i mittelubamine) uuel hooajal FISi egiidi all toimuvatele v\u00f5istlustele.<\/p>\n<p>Rahvusvaheline ol\u00fcmpiakomitee (ROK) on teatavasti taastanud Venemaa ja Valgevene ol\u00fcmpiakomiteede liikmelisuse ning rahvusvahelised alaliidud ei pea enam kohaldama Venemaa sportlaste osalemist puudutavaid soovitusi (Valgevene sportlaste osas kehtis see juba varem \u2013 toim).<\/p>\n<p>Sellest l\u00e4htuvalt vaatas FISi n\u00f5ukogu olukorra \u00fcle ja otsustas lubada Venemaa ja Valgevene sportlastel ja tugipersonalil FISi v\u00f5istlustel osaleda, kuid seda eeldusel, et nad allkirjastavad FISi kehtestatud p\u00f5him\u00f5tetel p\u00f5hineva neutraalsusdeklaratsiooni. Nende neutraalsusp\u00f5him\u00f5tete j\u00e4rgimist j\u00e4lgitakse pidevalt ning rikkumiste korral kohaldatakse sanktsioone.<\/p>\n<p>Venemaa ja Valgevene sportlaste osalemine on lubatud vaid individuaalaladel ning tingimusel, et ei kasutata riiklikke s\u00fcmboleid nagu lipud, h\u00fcmnid v\u00f5i v\u00f5istlusvormid. Samuti peavad sportlased vastama k\u00f5igile kehtivatele asjakohastele antidopingun\u00f5uetele.<\/p>\n<p>FISi avaldusest j\u00e4\u00e4b segaseks, kas k\u00f5ik j\u00e4tkub vanaviisi \u2013 see t\u00e4hendab muuhulgas taustakontrolli, et sportlane poleks seotud armee ega mingi muu j\u00f5ustruktuuriga \u2013 v\u00f5i piisab edaspidi pelgalt allkirjast. Eesti suusaliidul ei ole praegu t\u00e4psemat infot kui FISi kodulehel.<\/p>\n<p>M\u00f5ned neutraalsed Venemaa sportlased p\u00e4\u00e4sesid FISi v\u00f5istlustel starti juba eelmisel hooajal. Neist k\u00f5ige silmapaistvamalt esines murdmaasuusataja Saveli Korosteljov, kes j\u00f5udis m\u00e4rtsi alguses Lahti MK-etapil poodiumile ning Milano-Cortina taliol\u00fcmpial l\u00f5petas kaks v\u00f5istlust viie parema seas.<\/p>\n","protected":false},"excerpt":{"rendered":"FISi n\u00f5ukogu kogunes teisip\u00e4eval ja kolmap\u00e4eval \u0160veitsi linnas Thunis, kus \u00fcheks p\u00e4evakorrapunktiks oli ka Venemaa ja Valgevene sportlaste&hellip;\n","protected":false},"author":2,"featured_media":267114,"comment_status":"","ping_status":"","sticky":false,"template":"","format":"standard","meta":{"footnotes":"","_share_on_mastodon":"0"},"categories":[5],"tags":[26,27,37,33,35,34,36,31,32,21,28,29,19,25,23,24,22,20,30],"class_list":["post-267113","post","type-post","status-publish","format-standard","has-post-thumbnail","category-uldised-uudised","tag-breaking-news","tag-breakingnews","tag-ee","tag-eesti","tag-eesti-keel","tag-estonia","tag-estonian","tag-featured-news","tag-featurednews","tag-headlines","tag-latest-news","tag-latestnews","tag-news","tag-populaarseimad-lood","tag-top-stories","tag-topstories","tag-uldised-uudised","tag-uudised","tag-viimased-uudised"],"share_on_mastodon":{"url":"https:\/\/pubeurope.com\/@ee\/117204489652275772","error":""},"_links":{"self":[{"href":"https:\/\/www.europesays.com\/ee\/wp-json\/wp\/v2\/posts\/267113","targetHints":{"allow":["GET"]}}],"collection":[{"href":"https:\/\/www.europesays.com\/ee\/wp-json\/wp\/v2\/posts"}],"about":[{"href":"https:\/\/www.europesays.com\/ee\/wp-json\/wp\/v2\/types\/post"}],"author":[{"embeddable":true,"href":"https:\/\/www.europesays.com\/ee\/wp-json\/wp\/v2\/users\/2"}],"replies":[{"embeddable":true,"href":"https:\/\/www.europesays.com\/ee\/wp-json\/wp\/v2\/comments?post=267113"}],"version-history":[{"count":0,"href":"https:\/\/www.europesays.com\/ee\/wp-json\/wp\/v2\/posts\/267113\/revisions"}],"wp:featuredmedia":[{"embeddable":true,"href":"https:\/\/www.europesays.com\/ee\/wp-json\/wp\/v2\/media\/267114"}],"wp:attachment":[{"href":"https:\/\/www.europesays.com\/ee\/wp-json\/wp\/v2\/media?parent=267113"}],"wp:term":[{"taxonomy":"category","embeddable":true,"href":"https:\/\/www.europesays.com\/ee\/wp-json\/wp\/v2\/categories?post=267113"},{"taxonomy":"post_tag","embeddable":true,"href":"https:\/\/www.europesays.com\/ee\/wp-json\/wp\/v2\/tags?post=267113"}],"curies":[{"name":"wp","href":"https:\/\/api.w.org\/{rel}","templated":true}]}}