{"id":267115,"date":"2026-09-03T01:32:44","date_gmt":"2026-09-03T01:32:44","guid":{"rendered":"https:\/\/www.europesays.com\/ee\/267115\/"},"modified":"2026-09-03T01:32:44","modified_gmt":"2026-09-03T01:32:44","slug":"kaheksale-eesti-maakonnale-anti-drooniohu-hoiatus","status":"publish","type":"post","link":"https:\/\/www.europesays.com\/ee\/267115\/","title":{"rendered":"Kaheksale Eesti maakonnale anti drooniohu hoiatus"},"content":{"rendered":"<p>Teisip\u00e4eva \u00f6\u00f6sel said kaheksa Eesti maakonna elanikud hoiatused v\u00f5imaliku drooniohu kohta. Veidi enne kella kuut hommikul oli \u00f5huoht m\u00f6\u00f6das, teatab BNS.<\/p>\n<ol start=\"1\" data-path-to-node=\"1\">\n<li>\n<p data-path-to-node=\"1,0,0\">septembri \u00f6\u00f6sel teatasid Kaitsev\u00e4ed esmalt v\u00f5imalikust \u00f5huohust L\u00e4\u00e4ne- ja Ida-Virumaal. Umbes pool tundi hiljem laiendati hoiatust ka Tartumaale, J\u00f5gevamaale, Viljandimaale, Valgamaale, V\u00f5rumaale ja P\u00f5lvamaale, kirjutab L\u00f5una-Eesti Postimees.<\/p>\n<\/li>\n<\/ol>\n<p data-path-to-node=\"2\">L\u00e4\u00e4ne- ja Ida-Virumaa elanikud said Kaitsev\u00e4elt hoiatus teate varahommikul teisip\u00e4eval, kell 3:11. Kell 3:48 saadeti analoogne teade veel kuue maakonna elanikele.<\/p>\n<p data-path-to-node=\"3\">Kell 5:28 teatasid Kaitsev\u00e4ed, et \u00f5huohtu enam ei ole.<\/p>\n<p data-path-to-node=\"4\">Kaitsev\u00e4e strateegilise kommunikatsiooni osakonna \u00fclem kolonel Uku Arold teatas ERR-ile, ett\u00e4 Eesti \u00f5huruumi sisenesid droonid, mille t\u00f5ttu t\u00f5steti \u00f5hku T\u00fcrgi h\u00e4vitajad.<\/p>\n<p data-path-to-node=\"5\">\u00abM\u00e4rgati droone, mis liikusid paralleelselt Eesti idapiiriga ning samuti L\u00e4ti idapiiriga, ja sisenesid Eesti territooriumile, mist\u00f5ttu me kuulutasime v\u00e4lja h\u00e4ire,\u00bb \u00fctles Arold.<\/p>\n<p data-path-to-node=\"6\">Teisip\u00e4eva \u00f6\u00f6sel kuulutasid drooniohu hoiatuse v\u00e4lja ka L\u00e4ti kaitsev\u00e4ed, teatab L\u00e4ti rahvusringh\u00e4\u00e4lingu portaal LSM. Alguses kehtestati see Ludza ning seej\u00e4rel Al\u016bksne piirkonnas. Praeguseks on hoiatused m\u00f5lemas piirkonnas t\u00fchistatud.<\/p>\n<p data-path-to-node=\"7\">Seoses Venemaa s\u00f5jalise tegevusega Ukraina vastu on oht, et lennuvahendid, sealhulgas droonid, v\u00f5ivad juhuslikult sattuda Eesti \u00f5huruumi. Nii vahetu \u00f5huohu (mis n\u00f5uab varjumist) kui ka v\u00f5imaliku ohu teavitamiseks kasutavad Kaitsev\u00e4ed teavituss\u00fcsteemi EE-ALARM kanaleid.<\/p>\n<p data-path-to-node=\"8\">Elanikel soovitatakse t\u00e4helepanelikult j\u00e4lgida v\u00f5imude juhiseid. Iga hoiatus ei t\u00e4henda, et tuleb viivitamatult varjuda. Seejuures v\u00f5ib t\u00e4psema teabe saamine v\u00f5tta veidi aega, mist\u00f5ttu esialgne teavitus sisaldab eelk\u00f5ige k\u00f5ige olulisemaid ja kiiremaid juhiseid.<\/p>\n<p data-path-to-node=\"9\">Kaitsev\u00e4ed soovitavad drooni m\u00e4rkamisel varjuda ja helistada numbril 112. Lisateavet saab portaalist kriis.ee ja telefonil 1247.<\/p>\n","protected":false},"excerpt":{"rendered":"Teisip\u00e4eva \u00f6\u00f6sel said kaheksa Eesti maakonna elanikud hoiatused v\u00f5imaliku drooniohu kohta. Veidi enne kella kuut hommikul oli \u00f5huoht&hellip;\n","protected":false},"author":2,"featured_media":267116,"comment_status":"","ping_status":"","sticky":false,"template":"","format":"standard","meta":{"footnotes":"","_share_on_mastodon":"0"},"categories":[5],"tags":[26,27,37,8729,33,35,103499,20952,34,36,31,32,21,28,29,19,26252,25,23,24,103500,22,20,96,30],"class_list":["post-267115","post","type-post","status-publish","format-standard","has-post-thumbnail","category-uldised-uudised","tag-breaking-news","tag-breakingnews","tag-ee","tag-ee-alarm","tag-eesti","tag-eesti-keel","tag-eesti-maakonna","tag-eesti-ohuruum","tag-estonia","tag-estonian","tag-featured-news","tag-featurednews","tag-headlines","tag-latest-news","tag-latestnews","tag-news","tag-oht","tag-populaarseimad-lood","tag-top-stories","tag-topstories","tag-ukraina-vastu","tag-uldised-uudised","tag-uudised","tag-venemaa","tag-viimased-uudised"],"share_on_mastodon":{"url":"https:\/\/pubeurope.com\/@ee\/117204532754790290","error":""},"_links":{"self":[{"href":"https:\/\/www.europesays.com\/ee\/wp-json\/wp\/v2\/posts\/267115","targetHints":{"allow":["GET"]}}],"collection":[{"href":"https:\/\/www.europesays.com\/ee\/wp-json\/wp\/v2\/posts"}],"about":[{"href":"https:\/\/www.europesays.com\/ee\/wp-json\/wp\/v2\/types\/post"}],"author":[{"embeddable":true,"href":"https:\/\/www.europesays.com\/ee\/wp-json\/wp\/v2\/users\/2"}],"replies":[{"embeddable":true,"href":"https:\/\/www.europesays.com\/ee\/wp-json\/wp\/v2\/comments?post=267115"}],"version-history":[{"count":0,"href":"https:\/\/www.europesays.com\/ee\/wp-json\/wp\/v2\/posts\/267115\/revisions"}],"wp:featuredmedia":[{"embeddable":true,"href":"https:\/\/www.europesays.com\/ee\/wp-json\/wp\/v2\/media\/267116"}],"wp:attachment":[{"href":"https:\/\/www.europesays.com\/ee\/wp-json\/wp\/v2\/media?parent=267115"}],"wp:term":[{"taxonomy":"category","embeddable":true,"href":"https:\/\/www.europesays.com\/ee\/wp-json\/wp\/v2\/categories?post=267115"},{"taxonomy":"post_tag","embeddable":true,"href":"https:\/\/www.europesays.com\/ee\/wp-json\/wp\/v2\/tags?post=267115"}],"curies":[{"name":"wp","href":"https:\/\/api.w.org\/{rel}","templated":true}]}}