{"id":267119,"date":"2026-09-03T01:43:43","date_gmt":"2026-09-03T01:43:43","guid":{"rendered":"https:\/\/www.europesays.com\/ee\/267119\/"},"modified":"2026-09-03T01:43:43","modified_gmt":"2026-09-03T01:43:43","slug":"aktuaalne-kaamera-ilm-aivar-mae-korge-kaibemaks-muudab-eestis-teatripiletid-kallimaks-jupiter-err","status":"publish","type":"post","link":"https:\/\/www.europesays.com\/ee\/267119\/","title":{"rendered":"Aktuaalne kaamera. Ilm: Aivar M\u00e4e: k\u00f5rge k\u00e4ibemaks muudab Eestis teatripiletid kallimaks &#8211; Jupiter | ERR"},"content":{"rendered":"<ol>\n<li><a href=\"https:\/\/news.google.com\/rss\/articles\/CBMingFBVV95cUxOZnJlUzBuWGVTQzhkNW1YcVVhSU5TNDhNWUVhWDdqNmp2aEYyWXhfUlZfd2t4bmtEYjZfRHQxVkNvZ1RNajBjbkwyYUtuaVpPQTB6X1BsUDYyVjBVUmpjMHZxN3ZPNU1GczRMX3pKM0Y2cmd4VnRMVGp0NFRJNDRTU1VlRzlON1g4ejBpcm5ta0V5RkVMSXV1OExteE8xdw?oc=5\" target=\"_blank\" rel=\"nofollow noopener\">Aktuaalne kaamera. Ilm: Aivar M\u00e4e: k\u00f5rge k\u00e4ibemaks muudab Eestis teatripiletid kallimaks<\/a>&nbsp;&nbsp;Jupiter | ERR<\/li>\n<li><a href=\"https:\/\/news.google.com\/rss\/articles\/CBMipAFBVV95cUxOUjBvSjRlSVhLMHFCRUY3QjE4UjQzdHZvTkRHdzJYa0dPYlZUUWdxLWltbUVhdHE3a0tXQ2xRY19pRVFpbHpwemo3MU1vb0pEZkQwaExycjdRcGFSZlVpUG8yRTMzZFNOUklzckx6dGlCRVFZYzctOGx4cnEySm9IYzJrZmhDXzkwZU5JOUVrYTJxQW82aHlQSnV6MUIyR3hBdWRuVQ?oc=5\" target=\"_blank\" rel=\"nofollow noopener\">Kaja Kallase j\u00e4relh\u00fc\u00fce isale: sa olid pere jaoks alati olemas<\/a>&nbsp;&nbsp;\u00c4rip\u00e4ev<\/li>\n<li><a href=\"https:\/\/news.google.com\/rss\/articles\/CBMimgFBVV95cUxOMTY2QlU2MU5vU0NwRk04VlNYb0w3ZUhXbUlfeFhqM0pVdG1hMG1zQjZIQ19QTV9Wb1BVX2FMblZteHItaGxqS1NTdmhIZkdBeHpBQmhVZXBTSXY0SHNVTzFEaGdXRnR1V3NtTGFoaXdMOWwyRy0tcXJ3bHlpZzRheU1xUjB2NkFqdGs4Z3ZDMzZqVVpCbHlGeDB3?oc=5\" target=\"_blank\" rel=\"nofollow noopener\">Tallinnas kehtivad Siim Kallase matuste ajal liikluspiirangud<\/a>&nbsp;&nbsp;Postimees<\/li>\n<li><a href=\"https:\/\/news.google.com\/rss\/articles\/CBMiiwFBVV95cUxNQkY1b0Q0OFBpX0VJYnBGaXZFYlM4ZHFuVkQ1RzlrcmRTYzFZSXpPcFBOZWJrTktGVDdaZVdScmhIbzZVR3VjQkNSSExBS3FRNEtXcnZISUFwQ2lIRGJqMmpjTTN2X1BJN1pjSXF5OEdZMmZKQnNKYzBUTmYwLXItcjZ4eFZBRXVqYk1R?oc=5\" target=\"_blank\" rel=\"nofollow noopener\">Hannes Rumm: Siim Kallas, saatejuht ja riigitegelane<\/a>&nbsp;&nbsp;L\u00e4\u00e4ne Elu<\/li>\n<li><a href=\"https:\/\/news.google.com\/rss\/articles\/CBMiugFBVV95cUxPSFpiQnhvZjBCVXlNMTgtcm82TTNtS2VscXE2ZFV6ZDZOVGp0MWhlc3NZTEdXYWRrWkVWc19QTFA0N0c3ZXF6U0V2UjcxNkJMbVo1Q1l2YmRfWTRaeHZGMnpUU00yb3EtQnZRUGlnRXlpR0RJeUticnkzdWdMaW8yOV90QjhiV1Vjc1VtYTU5c3BhNjJqRGE0MVdiYUhXVFk2cS1VM2lxUjVlR0gyUU5CamMtbDV2MW5RaUE?oc=5\" target=\"_blank\" rel=\"nofollow noopener\">Kaja Kallas meenutas h\u00fcvastij\u00e4tuk\u00f5nes oma isa: \u201eMeil on vennaga ikka hullup\u00f6\u00f6ra vedanud.\u201c<\/a>&nbsp;&nbsp;\u00d5htuleht<\/li>\n<\/ol>\n","protected":false},"excerpt":{"rendered":"Aktuaalne kaamera. Ilm: Aivar M\u00e4e: k\u00f5rge k\u00e4ibemaks muudab Eestis teatripiletid kallimaks&nbsp;&nbsp;Jupiter | ERR Kaja Kallase j\u00e4relh\u00fc\u00fce isale: sa&hellip;\n","protected":false},"author":2,"featured_media":267120,"comment_status":"","ping_status":"","sticky":false,"template":"","format":"standard","meta":{"footnotes":"","_share_on_mastodon":"0"},"categories":[5],"tags":[26,27,37,33,35,34,36,31,32,21,28,29,19,25,23,24,22,20,30],"class_list":["post-267119","post","type-post","status-publish","format-standard","has-post-thumbnail","category-uldised-uudised","tag-breaking-news","tag-breakingnews","tag-ee","tag-eesti","tag-eesti-keel","tag-estonia","tag-estonian","tag-featured-news","tag-featurednews","tag-headlines","tag-latest-news","tag-latestnews","tag-news","tag-populaarseimad-lood","tag-top-stories","tag-topstories","tag-uldised-uudised","tag-uudised","tag-viimased-uudised"],"share_on_mastodon":{"url":"https:\/\/pubeurope.com\/@ee\/117204576273378387","error":""},"_links":{"self":[{"href":"https:\/\/www.europesays.com\/ee\/wp-json\/wp\/v2\/posts\/267119","targetHints":{"allow":["GET"]}}],"collection":[{"href":"https:\/\/www.europesays.com\/ee\/wp-json\/wp\/v2\/posts"}],"about":[{"href":"https:\/\/www.europesays.com\/ee\/wp-json\/wp\/v2\/types\/post"}],"author":[{"embeddable":true,"href":"https:\/\/www.europesays.com\/ee\/wp-json\/wp\/v2\/users\/2"}],"replies":[{"embeddable":true,"href":"https:\/\/www.europesays.com\/ee\/wp-json\/wp\/v2\/comments?post=267119"}],"version-history":[{"count":0,"href":"https:\/\/www.europesays.com\/ee\/wp-json\/wp\/v2\/posts\/267119\/revisions"}],"wp:featuredmedia":[{"embeddable":true,"href":"https:\/\/www.europesays.com\/ee\/wp-json\/wp\/v2\/media\/267120"}],"wp:attachment":[{"href":"https:\/\/www.europesays.com\/ee\/wp-json\/wp\/v2\/media?parent=267119"}],"wp:term":[{"taxonomy":"category","embeddable":true,"href":"https:\/\/www.europesays.com\/ee\/wp-json\/wp\/v2\/categories?post=267119"},{"taxonomy":"post_tag","embeddable":true,"href":"https:\/\/www.europesays.com\/ee\/wp-json\/wp\/v2\/tags?post=267119"}],"curies":[{"name":"wp","href":"https:\/\/api.w.org\/{rel}","templated":true}]}}