{"id":267123,"date":"2026-09-03T02:04:48","date_gmt":"2026-09-03T02:04:48","guid":{"rendered":"https:\/\/www.europesays.com\/ee\/267123\/"},"modified":"2026-09-03T02:04:48","modified_gmt":"2026-09-03T02:04:48","slug":"erilugu-harrasmees-peab-aeg-ajalt-peenviina-jarele-lohnama-kaaslased-meenutavad-siim-kallast-keda-avalikkus-lopuni-ei-tundnud-delfi","status":"publish","type":"post","link":"https:\/\/www.europesays.com\/ee\/267123\/","title":{"rendered":"ERILUGU | \u201eH\u00e4rrasmees peab aeg-ajalt peenviina j\u00e4rele l\u00f5hnama.\u201c Kaaslased meenutavad Siim Kallast, keda avalikkus l\u00f5puni ei tundnud &#8211; Delfi"},"content":{"rendered":"<ol>\n<li><a href=\"https:\/\/news.google.com\/rss\/articles\/CBMi-AFBVV95cUxPT2hfLW9ILVEtREpyRUY1MklqeHVsN0NaM3U4Zk1fT0VNNmMxcW9BSFc2NnhpQ2lDNXMxV09sbEkxSVhWY0ZFbFc0LUNkbGt2dFF3M0xhVmlZckVPU2g1czhsU3p4QTRKV0daSUdiS19TVldLX0RoS3hWWXY4MUtLRVJiajNncUhzaHNlN0p3V0J2REMxTWxxdTFYM0hGZ1EtdnViWHNGb3dCZEM4NGlPLW0yZm5TZWZHSFFnckxWWW5tTjdjT2lwVnR6NDZLR0hrQm42SW01ell3SGlsQk43ZmJRcjlINWJuV1l0VDRWNmlBY3R0QVRsVg?oc=5\" target=\"_blank\" rel=\"nofollow noopener\">ERILUGU | \u201eH\u00e4rrasmees peab aeg-ajalt peenviina j\u00e4rele l\u00f5hnama.\u201c Kaaslased meenutavad Siim Kallast, keda avalikkus l\u00f5puni ei tundnud<\/a>&nbsp;&nbsp;Delfi<\/li>\n<li><a href=\"https:\/\/news.google.com\/rss\/articles\/CBMimgFBVV95cUxOMTY2QlU2MU5vU0NwRk04VlNYb0w3ZUhXbUlfeFhqM0pVdG1hMG1zQjZIQ19QTV9Wb1BVX2FMblZteHItaGxqS1NTdmhIZkdBeHpBQmhVZXBTSXY0SHNVTzFEaGdXRnR1V3NtTGFoaXdMOWwyRy0tcXJ3bHlpZzRheU1xUjB2NkFqdGs4Z3ZDMzZqVVpCbHlGeDB3?oc=5\" target=\"_blank\" rel=\"nofollow noopener\">Tallinnas kehtivad Siim Kallase matuste ajal liikluspiirangud<\/a>&nbsp;&nbsp;Postimees<\/li>\n<li><a href=\"https:\/\/news.google.com\/rss\/articles\/CBMipAFBVV95cUxOUjBvSjRlSVhLMHFCRUY3QjE4UjQzdHZvTkRHdzJYa0dPYlZUUWdxLWltbUVhdHE3a0tXQ2xRY19pRVFpbHpwemo3MU1vb0pEZkQwaExycjdRcGFSZlVpUG8yRTMzZFNOUklzckx6dGlCRVFZYzctOGx4cnEySm9IYzJrZmhDXzkwZU5JOUVrYTJxQW82aHlQSnV6MUIyR3hBdWRuVQ?oc=5\" target=\"_blank\" rel=\"nofollow noopener\">Kaja Kallase j\u00e4relh\u00fc\u00fce isale: sa olid pere jaoks alati olemas<\/a>&nbsp;&nbsp;\u00c4rip\u00e4ev<\/li>\n<li><a href=\"https:\/\/news.google.com\/rss\/articles\/CBMiuAFBVV95cUxQWmt0ZEN3bkZLcThNVnR1YnlKVU9tSW1Ndzc5dnk4cG1rbmpIVER2eVdWWEhqRFA4TVJ0clhZZFh3OW1WMTd0MnB6XzZpMlNjVVlFaVNuWEp2REpldU9VdHl1b2JHdE1OWmE2MnloTFZsU2ttLU1ZSTB4a3BoV0NJanJkRlluSmFac294Z1VpdVkyZmNDUmE4LVJuM2d2X3VXMFpOTW05YU1za0hxQUo1NUlPQXZUSkht?oc=5\" target=\"_blank\" rel=\"nofollow noopener\">TV3 uudised: Siim Kallas saadeti riikliku austusavaldusega viimsele teele<\/a>&nbsp;&nbsp;tv3.ee<\/li>\n<li><a href=\"https:\/\/news.google.com\/rss\/articles\/CBMicEFVX3lxTFBGd2d5YWRnZExtXzJURVVjZHZKVjFwTjhPVVJXLXh5OUhHZGxYZF84UUJjZjZwYS1CVnR1WjZEQ2tUbld1dVVXellVSGFZd055c1d5UFJ1VDNpUnp2U0xlclhXTE1OcTJsQ19CYk1QT1k?oc=5\" target=\"_blank\" rel=\"nofollow noopener\">Laup\u00e4eval heisatakse leinalipud<\/a>&nbsp;&nbsp;\u00d5htuleht<\/li>\n<\/ol>\n","protected":false},"excerpt":{"rendered":"ERILUGU | \u201eH\u00e4rrasmees peab aeg-ajalt peenviina j\u00e4rele l\u00f5hnama.\u201c Kaaslased meenutavad Siim Kallast, keda avalikkus l\u00f5puni ei tundnud&nbsp;&nbsp;Delfi Tallinnas&hellip;\n","protected":false},"author":2,"featured_media":267124,"comment_status":"","ping_status":"","sticky":false,"template":"","format":"standard","meta":{"footnotes":"","_share_on_mastodon":"0"},"categories":[12],"tags":[26,27,37,33,35,34,36,31,32,21,28,29,19,25,23,24,22,20,30],"class_list":["post-267123","post","type-post","status-publish","format-standard","has-post-thumbnail","category-eesti","tag-breaking-news","tag-breakingnews","tag-ee","tag-eesti","tag-eesti-keel","tag-estonia","tag-estonian","tag-featured-news","tag-featurednews","tag-headlines","tag-latest-news","tag-latestnews","tag-news","tag-populaarseimad-lood","tag-top-stories","tag-topstories","tag-uldised-uudised","tag-uudised","tag-viimased-uudised"],"share_on_mastodon":{"url":"https:\/\/pubeurope.com\/@ee\/117204662726837807","error":""},"_links":{"self":[{"href":"https:\/\/www.europesays.com\/ee\/wp-json\/wp\/v2\/posts\/267123","targetHints":{"allow":["GET"]}}],"collection":[{"href":"https:\/\/www.europesays.com\/ee\/wp-json\/wp\/v2\/posts"}],"about":[{"href":"https:\/\/www.europesays.com\/ee\/wp-json\/wp\/v2\/types\/post"}],"author":[{"embeddable":true,"href":"https:\/\/www.europesays.com\/ee\/wp-json\/wp\/v2\/users\/2"}],"replies":[{"embeddable":true,"href":"https:\/\/www.europesays.com\/ee\/wp-json\/wp\/v2\/comments?post=267123"}],"version-history":[{"count":0,"href":"https:\/\/www.europesays.com\/ee\/wp-json\/wp\/v2\/posts\/267123\/revisions"}],"wp:featuredmedia":[{"embeddable":true,"href":"https:\/\/www.europesays.com\/ee\/wp-json\/wp\/v2\/media\/267124"}],"wp:attachment":[{"href":"https:\/\/www.europesays.com\/ee\/wp-json\/wp\/v2\/media?parent=267123"}],"wp:term":[{"taxonomy":"category","embeddable":true,"href":"https:\/\/www.europesays.com\/ee\/wp-json\/wp\/v2\/categories?post=267123"},{"taxonomy":"post_tag","embeddable":true,"href":"https:\/\/www.europesays.com\/ee\/wp-json\/wp\/v2\/tags?post=267123"}],"curies":[{"name":"wp","href":"https:\/\/api.w.org\/{rel}","templated":true}]}}