{"id":267125,"date":"2026-09-03T02:24:12","date_gmt":"2026-09-03T02:24:12","guid":{"rendered":"https:\/\/www.europesays.com\/ee\/267125\/"},"modified":"2026-09-03T02:24:12","modified_gmt":"2026-09-03T02:24:12","slug":"norra-tokkejooksukuulsus-ei-joudnud-teemantliiga-viimase-etapi-korraldajatega-kokkuleppele","status":"publish","type":"post","link":"https:\/\/www.europesays.com\/ee\/267125\/","title":{"rendered":"Norra t\u00f5kkejooksukuulsus ei j\u00f5udnud Teemantliiga viimase etapi korraldajatega kokkuleppele"},"content":{"rendered":"<p>Ta \u00fctles Norra portaalile NRK, et p\u00f5hjuseks on rahaline vaidlus. Nimelt leiab norralane, et Br\u00fcsseli etapi korraldaja ei maksa sportlastele piisavalt h\u00e4sti. Iga sportlane saab raha erinevatel aladel osalemise eest. Lisaks on etten\u00e4htud auhinnaraha ja rekordite eest boonuseid. Kui palju raha Warholmile pakuti v\u00f5i kui palju spordi\u00fcritus korraldajatele sisse toob, ei ole teada.<\/p>\n","protected":false},"excerpt":{"rendered":"Ta \u00fctles Norra portaalile NRK, et p\u00f5hjuseks on rahaline vaidlus. Nimelt leiab norralane, et Br\u00fcsseli etapi korraldaja ei&hellip;\n","protected":false},"author":2,"featured_media":267126,"comment_status":"","ping_status":"","sticky":false,"template":"","format":"standard","meta":{"footnotes":"","_share_on_mastodon":"0"},"categories":[18],"tags":[16763,80244,103404,1351,37,33,35,34,36,103405,1797,103408,103407,13677,1798,159,158,2040,103406],"class_list":["post-267125","post","type-post","status-publish","format-standard","has-post-thumbnail","category-sport","tag-400-meetri-tokkejooks","tag-alison-dos-santos","tag-brusseli-etapp","tag-budapest","tag-ee","tag-eesti","tag-eesti-keel","tag-estonia","tag-estonian","tag-gert-van-goolen","tag-karsten-warholm","tag-maailmarekord-400-meetri-tokkejooksus","tag-norra-400-m-tokkejooksja","tag-nrk","tag-rai-benjamin","tag-sport","tag-sports","tag-teemantliiga","tag-ultimate-championship"],"share_on_mastodon":{"url":"https:\/\/pubeurope.com\/@ee\/117204737297275165","error":""},"_links":{"self":[{"href":"https:\/\/www.europesays.com\/ee\/wp-json\/wp\/v2\/posts\/267125","targetHints":{"allow":["GET"]}}],"collection":[{"href":"https:\/\/www.europesays.com\/ee\/wp-json\/wp\/v2\/posts"}],"about":[{"href":"https:\/\/www.europesays.com\/ee\/wp-json\/wp\/v2\/types\/post"}],"author":[{"embeddable":true,"href":"https:\/\/www.europesays.com\/ee\/wp-json\/wp\/v2\/users\/2"}],"replies":[{"embeddable":true,"href":"https:\/\/www.europesays.com\/ee\/wp-json\/wp\/v2\/comments?post=267125"}],"version-history":[{"count":0,"href":"https:\/\/www.europesays.com\/ee\/wp-json\/wp\/v2\/posts\/267125\/revisions"}],"wp:featuredmedia":[{"embeddable":true,"href":"https:\/\/www.europesays.com\/ee\/wp-json\/wp\/v2\/media\/267126"}],"wp:attachment":[{"href":"https:\/\/www.europesays.com\/ee\/wp-json\/wp\/v2\/media?parent=267125"}],"wp:term":[{"taxonomy":"category","embeddable":true,"href":"https:\/\/www.europesays.com\/ee\/wp-json\/wp\/v2\/categories?post=267125"},{"taxonomy":"post_tag","embeddable":true,"href":"https:\/\/www.europesays.com\/ee\/wp-json\/wp\/v2\/tags?post=267125"}],"curies":[{"name":"wp","href":"https:\/\/api.w.org\/{rel}","templated":true}]}}