{"id":267129,"date":"2026-09-03T02:36:24","date_gmt":"2026-09-03T02:36:24","guid":{"rendered":"https:\/\/www.europesays.com\/ee\/267129\/"},"modified":"2026-09-03T02:36:24","modified_gmt":"2026-09-03T02:36:24","slug":"augustikuu-sumboolse-koosseisu-valem-peitub-legendaarsetes-laulusonades-soccernet-ee","status":"publish","type":"post","link":"https:\/\/www.europesays.com\/ee\/267129\/","title":{"rendered":"Augustikuu s\u00fcmboolse koosseisu valem peitub legendaarsetes laulus\u00f5nades &#8211; Soccernet.ee"},"content":{"rendered":"<p><a href=\"https:\/\/soccernet.ee\/fotod\/pl-nomme-kalju-fc-tallinna-fci-levadia14\" rel=\"nofollow noopener\" target=\"_blank\"><img decoding=\"async\" src=\"https:\/\/www.europesays.com\/ee\/wp-content\/uploads\/2026\/09\/1788119364.jpg\" alt=\"Joao Pedro on t\u00e4navu esimest korda Premium liiga s\u00fcmboolses koosseisus. Foto: Liisi Troska \/ jalgpall.ee\"\/><\/a>&#13;\n<\/p>\n<p>Gunnar Grapsi poolt kuulsaks lauldud siniheleroheline valgus valitseb t\u00e4navust Premium liiga augustikuu s\u00fcmboolset koosseisu. Rivistus on valdavalt Tartu Tammeka ja FCI Levadia v\u00e4rvides, kes olid l\u00f5ppenud kuul edukaimad. Nende \u00fcmber mahtusid 11 hulka ka \u00fcks florakas, saarlane ja N\u00f5mme Kalju mees.<\/p>\n<p>Nii Tammeka kui Levadia ridadest mahtus koosseisu neli m\u00e4ngijat, seejuures tartlased mehitavad alumised neli positsiooni ja Karel Voolaiu kujul ka treeneripingi. Premium liiga tabeliliidri palluritest on moodustunud keskv\u00e4ljakolmik, lisaks on r\u00fcnnakul Wendell, kes p\u00e4\u00e4ses t\u00e4navu teist korda s\u00fcmboolsesse koosseisu. Ligi poole augustikuu koosseisust moodustavad t\u00e4navuse hooaja deb\u00fctandid, seevastu Mihkel Ainsalu kuulub nimistusse juba neljandat korda.&#13;\n<\/p>\n<p>Soccernet.ee augustikuu s\u00fcmboolne koosseis:&#13;\n<\/p>\n<p>Kristofer Sahtel (Tammeka)\u00a0\u2013 Augustis oma esimesed kolm Premium liiga m\u00e4ngu pidanud 18-aastane puurivaht Kristofer Sahtel nautis ja pani t\u00e4iega. Deb\u00fc\u00fctm\u00e4ngus FC N\u00f5mme Unitedi vastu v\u00f5ttis ta \u00e4ra Egert \u00d5unapuu \u00fcks versus \u00fcks olukorra, siis tegi seitsme t\u00f5rje toel nullim\u00e4ngu ka FC Kuressaare vastu ning lubas l\u00f5puks n\u00f5elata end Sander Alamaal ja v\u00e4iksel riko\u0161etil. Siiski korjas Tammeka Sahtliga koos kolmest m\u00e4ngust maksimaalsed \u00fcheksa punkti.&#13;\n<\/p>\n<p>Oliver Kangaslahti (Tammeka)\u00a0\u2013 Ehkki Tammeka august algas 1:5 sahmakaga N\u00f5mme Kaljule, siis selle j\u00e4rel v\u00f5ideti j\u00e4rgmised neli kohtumist. Seeria algas 1:0 v\u00f5iduga N\u00f5mme Unitedi \u00fcle, kus ainsa v\u00e4rava autor oli tartlaste kapten Kangaslahti. Soomlase Premium liiga esimene v\u00e4rav tuli \u00fcliolulises kohas, ent t\u00f6\u00f6 tegi ta \u00e4ra ka kaitseliinis, sest Tammeka hoidis kolm korda l\u00f5ppenud kuul v\u00e4rava puhtana.\u00a0&#13;\n<\/p>\n<p>Pedro Manoel (Tammeka)\u00a0\u2013 Heas kaitseliinis t\u00e4iendavad partnerid teineteist ja sama saab \u00f6elda Kangaslahti ja Manoeli kohta. Tammeka augustikuu edu rajanes suuresti tugevale kaitseliinile, sest neljam\u00e4ngulise v\u00f5iduseeria puhul lasti endale vaid \u00fcks v\u00e4rav. Lisaks kaitseomadustele peitub Manoelis v\u00f5ime kujutada ohtu vastase v\u00e4ravale ning seda t\u00f5estas ta 3:1 v\u00f5idum\u00e4ngus FC Flora vastu, kus l\u00f5i oma hooaja kuuenda v\u00e4rava.\u00a0&#13;\n<\/p>\n<p><img decoding=\"async\" src=\"https:\/\/www.europesays.com\/ee\/wp-content\/uploads\/2026\/09\/1785723005.jpg\" alt=\"Pedro Manoel on kolmandat korda Premium liiga s\u00fcmboolses koosseisus. Foto: Janek Eslon\"\/>&#13;\n<\/p>\n<p>Patrick Genro Veelma (Tammeka)\u00a0\u2013 Veelma tegi kuule tugeva l\u00f5pu, n\u00e4idates nii Flora kui Narva Transi vastu k\u00fclma n\u00e4rvi penaltipunktilt. Transi vastu sai \u00e4\u00e4rem\u00e4ngija kirja ka v\u00e4ravas\u00f6\u00f6du. Sarnaselt Kangaslahtile ja Manoelile oli ta oluline l\u00fcli Tammeka kivik\u00f5vas kaitses, mille abil noppisid tartlased j\u00e4rjest v\u00f5idupunkte.\u00a0&#13;\n<\/p>\n<p>Sander Alamaa (Flora)\u00a0\u2013 Flora augustikuu oli v\u00e4ga keeruline ja Konstantin Vassiljevi vallandamise j\u00e4rel haarasid neid muutuste tuuled, kus punkte tuli vaid P\u00e4rnu Vapruse vastu. Flora \u00f5nnetu augustikuu ainus stabiilne ja tulemuslik esineja oli Alamaa, kes l\u00f5i Flora seitsmest v\u00e4ravast neli ja andis ka \u00fche v\u00e4ravas\u00f6\u00f6du. M\u00e4lestusv\u00e4\u00e4rses 2:3 kaotusm\u00e4ngus Kuressaare vastu, mis t\u00e4histas saarlaste esimest v\u00f5itu rahvusstaadionil, s\u00e4ras Alamaa kahe tabamusega, millest teine oli t\u00f5eline iludus. Flora augustikuu l\u00e4ks aia taha, ent Alamaal isiklikult on p\u00f5hjust m\u00f6\u00f6dunud kuu j\u00e4rel pea p\u00fcsti hoida.&#13;\n<\/p>\n<p>Mihkel Ainsalu (Levadia)\u00a0\u2013 2024. aasta f\u00e4nnide lemmik Mihkel Ainsalu on t\u00e4navu v\u00f5rdv\u00e4\u00e4rses hoos. Ta aitab Levadia keskv\u00e4lja ohjata, aga ka lustlikuna hoida, mille tasuks on liidrikoht tabelis. Ainsalu panustas n\u00f5udlikule eurohooajale j\u00e4rgnenud augustikuu nelja v\u00f5itu ja \u00fchte viiki viie resultatiivsuspunktiga. Neist kaks v\u00e4ravat olid \u00fclikaalukad &#8211; 1:1 viigim\u00e4ngus P\u00e4rnu JK Vapruse vastu ning 2:1 v\u00f5idus Harju JK Laagri \u00fcle. \u00dchtlasi on tegemist ainsa mehega, kes on kuulunud s\u00fcmboolsesse koosseisu k\u00f5igil neljal kuul.&#13;\n<\/p>\n<p>Rasmus Peetson (Levadia)\u00a0\u2013 Kui Ainsalu on lustlikumat t\u00fc\u00fcpi, siis kapten Rasmus Peetson hoiab asjad kontrolli all. Augustis j\u00f5udis Levadia v\u00f5rku pall keskmiselt 112 minuti tagant ning otsa saab kahtlemata vaadata ka Peetsonile, kes aitab kaitseliini ees duelle v\u00f5ita ja lahtiseid palle \u00fcles noppida. Sellele lisaks l\u00f5i ta samuti Harju vastu punkte v\u00e4\u00e4rt v\u00e4rava ning tegi 1+1 N\u00f5mme Unitedit purustades.&#13;\n<\/p>\n<p>Joao Pedro (Levadia)\u00a0\u2013 24-aastane brasiillane pole t\u00e4navu olnud liiga resultatiivne, ent augustikuus lisandus tema senisele \u00fchele v\u00e4ravale lausa kolm tabamust. Neist kaks s\u00fcndisid v\u00f5idum\u00e4ngus Narva Transi \u00fcle, lisaks panustas Joao Pedro v\u00e4ravaga Levadia p\u00e4\u00e4stemissioonil N\u00f5mme Kalju vastu. Kui t\u00e4navu on enim s\u00e4ranud Ainsalu, klubist lahkunud Bubacarr Tambedou, Wendell, aga ka Maksimilian Skvortsov, siis augustis p\u00e4lvis teenitult t\u00e4helepanu ka Joao Pedro individuaalne meisterlikkus.&#13;\n<\/p>\n<p><img decoding=\"async\" src=\"https:\/\/www.europesays.com\/ee\/wp-content\/uploads\/2026\/09\/1786127893.jpg\" alt=\"Taavi J\u00fcrisoo tegi tugeva augustikuu. Foto: Allan Mehik\"\/>&#13;\n<\/p>\n<p>Taavi J\u00fcrisoo (Kuressaare)\u00a0\u2013 &#8220;Kui me talle palli ei pane, siis meie oleme lollid. Ta tegi praktiliselt kolm v\u00e4ravat ise \u00e4ra.&#8221; Nii kiitis Deivid Andreas meeskonnakaaslast eelmainitud v\u00f5idum\u00e4ngu j\u00e4rel Flora vastu, kus J\u00fcrisoo oli pidurdamatu. Ta sai kirja v\u00e4rava, tegi eelt\u00f6\u00f6d kaaslaste tabamustele ning p\u00f5hjustas Flora kaitseliinile palju peavalu, olles selle k\u00f5ige tulemusena \u00fcks suure v\u00f5idu arhitekte. J\u00fcrisoo sai v\u00e4rava kirja ka 3:2 v\u00f5idum\u00e4ngus Harju Laagri vastu, mis viitab, et \u00e4\u00e4rer\u00fcndajal oli suur roll m\u00f5lemas saarlaste augustikuu v\u00f5idus.\u00a0&#13;\n<\/p>\n<p>Wendell (Levadia)\u00a0\u2013 Pole Tambedoud, pole probleemi! Levadia \u00fchtne masinav\u00e4rk on olnud pidurdamatu ja sama kehtib ka selle tipur\u00fcndes tegutseva Wendelli kohta, kes realiseerib k\u00fclmavereliselt kaaslaste tekitatud v\u00f5imalused v\u00e4ravateks. Eriti h\u00e4sti teab seda N\u00f5mme United, keda Wendell kostitas 5:0 v\u00f5idum\u00e4ngus k\u00fcbaratrikiga. Brasiillane skooris ka kuu viimases m\u00e4ngus N\u00f5mme Kalju vastu ning on s\u00fcgise algusega endisest meeskonnakaaslasest Tambedoust v\u00e4raval\u00f6\u00f6jate edetabelis vaid \u00fche tabamuse kaugusel. Paistab olevat vaid aja k\u00fcsimus, mil ta liidrikoha endale haarab.&#13;\n<\/p>\n<p>Mihhail Orlov (Kalju) \u2013 Kalju kuu l\u00f5pp vajus \u00e4ra, ent enne seda m\u00e4ng sujus, eriti r\u00fcnnakul. Orlov oli mitmes kohtumises silmapaistev ning sai selle m\u00e4rgiks nii Narva Transi kui P\u00e4rnu Vapruse vastu kirja v\u00e4rava. 5:1 v\u00f5idum\u00e4ngus Tammeka \u00fcle ta k\u00fcll skoori ei teinud, ent see-eest aitas otseselt spistada meeskonnakaaslaste v\u00e4ravad. Orlov oli augustis otsene osaline viiel Kalju 12-st v\u00e4ravast, millest saab j\u00e4reldada, et ta oli Kaljule vajalik l\u00fcli. V\u00f5ib-olla tema puudumise t\u00f5ttu j\u00e4id ka 0:1 kaotusm\u00e4ngus Harju vastu v\u00e4rav l\u00f6\u00f6mata ja punkt(id) saamata?<\/p>\n<p>Treener: Karel Voolaid (Tammeka) \u2013 Ehkki kuu algas ehmatava kaotusega, tegi Voolaid Kalju vastu juhtunust \u00f5iged j\u00e4reldused ning viis s\u00f5numi selgelt ka oma meesteni. P\u00e4rast seda oligi Tammeka alistamatu ning eelk\u00f5ige kuulub selle puhul au Voolaiule, kes tegi Tammekast \u00fchtse ja v\u00f5imsa l\u00f6\u00f6girusika. Eraldi mainimist v\u00e4\u00e4rib 2:0 v\u00f5it Transi \u00fcle, kus tartlased vangerdasid koosseisuga, aga suutsid ka v\u00e4hema m\u00e4ngupraktikaga m\u00e4ngijate kiuste vajaliku tulemuse saavuatada.&#13;\n<\/p>\n<p><img decoding=\"async\" src=\"https:\/\/www.europesays.com\/ee\/wp-content\/uploads\/2026\/09\/1788343768.png\" alt=\"\"\/>&#13;\n<\/p>\n<p>S\u00fcmboolse koosseisu valimisel ei ole Soccernet.ee toimetus liialt kinni kindlates positsioonides ega formatsioonides &#8211; meeskonna asetus v\u00f5ib igakuiselt muutuda, samuti ei ole iga m\u00e4ngija tingimata liinisiseselt asetatud positsioonile, kus ta m\u00f6\u00f6dunud kuul liigas m\u00e4ngis.&#13;<\/p>\n","protected":false},"excerpt":{"rendered":"&#13; Gunnar Grapsi poolt kuulsaks lauldud siniheleroheline valgus valitseb t\u00e4navust Premium liiga augustikuu s\u00fcmboolset koosseisu. Rivistus on valdavalt&hellip;\n","protected":false},"author":2,"featured_media":267130,"comment_status":"","ping_status":"","sticky":false,"template":"","format":"standard","meta":{"footnotes":"","_share_on_mastodon":"0"},"categories":[18],"tags":[5702,5703,37,33,35,34,36,163,7904,1357,45976,1358,55676,56117,3480,13020,5084,167,4184,159,158,18083,701,14230,30900,4206],"class_list":["post-267129","post","type-post","status-publish","format-standard","has-post-thumbnail","category-sport","tag-ainsalu","tag-alamaa","tag-ee","tag-eesti","tag-eesti-keel","tag-estonia","tag-estonian","tag-flora","tag-jurisoo","tag-kalju","tag-kangaslahti","tag-levadia","tag-manoel","tag-orlov","tag-pedro","tag-peetson","tag-pl","tag-premium-liiga","tag-sahtel","tag-sport","tag-sports","tag-sumboolne","tag-tammeka","tag-veelma","tag-voolaid","tag-wendell"],"share_on_mastodon":{"url":"https:\/\/pubeurope.com\/@ee\/117204784843553556","error":""},"_links":{"self":[{"href":"https:\/\/www.europesays.com\/ee\/wp-json\/wp\/v2\/posts\/267129","targetHints":{"allow":["GET"]}}],"collection":[{"href":"https:\/\/www.europesays.com\/ee\/wp-json\/wp\/v2\/posts"}],"about":[{"href":"https:\/\/www.europesays.com\/ee\/wp-json\/wp\/v2\/types\/post"}],"author":[{"embeddable":true,"href":"https:\/\/www.europesays.com\/ee\/wp-json\/wp\/v2\/users\/2"}],"replies":[{"embeddable":true,"href":"https:\/\/www.europesays.com\/ee\/wp-json\/wp\/v2\/comments?post=267129"}],"version-history":[{"count":0,"href":"https:\/\/www.europesays.com\/ee\/wp-json\/wp\/v2\/posts\/267129\/revisions"}],"wp:featuredmedia":[{"embeddable":true,"href":"https:\/\/www.europesays.com\/ee\/wp-json\/wp\/v2\/media\/267130"}],"wp:attachment":[{"href":"https:\/\/www.europesays.com\/ee\/wp-json\/wp\/v2\/media?parent=267129"}],"wp:term":[{"taxonomy":"category","embeddable":true,"href":"https:\/\/www.europesays.com\/ee\/wp-json\/wp\/v2\/categories?post=267129"},{"taxonomy":"post_tag","embeddable":true,"href":"https:\/\/www.europesays.com\/ee\/wp-json\/wp\/v2\/tags?post=267129"}],"curies":[{"name":"wp","href":"https:\/\/api.w.org\/{rel}","templated":true}]}}