{"id":267145,"date":"2026-09-03T03:20:18","date_gmt":"2026-09-03T03:20:18","guid":{"rendered":"https:\/\/www.europesays.com\/ee\/267145\/"},"modified":"2026-09-03T03:20:18","modified_gmt":"2026-09-03T03:20:18","slug":"tohoh-flora-u19-laheks-edu-korral-eurosarjas-kokku-inglismaa-hiiuga-peatreener-sillaste-kihvt-loos-soccernet-ee","status":"publish","type":"post","link":"https:\/\/www.europesays.com\/ee\/267145\/","title":{"rendered":"Tohoh! Flora U19 l\u00e4heks edu korral eurosarjas kokku Inglismaa hiiuga (peatreener Sillaste: kihvt loos!) &#8211; Soccernet.ee"},"content":{"rendered":"<p><img decoding=\"async\" src=\"https:\/\/www.europesays.com\/ee\/wp-content\/uploads\/2026\/09\/1788281407.jpg\" alt=\"Mais U19 Eliitliiga Meistriliiga v\u00f5itnud Flora v\u00f5ib vastamisi minna Chelseaga. Foto: Liisi Troska \/ jalgpall.ee\"\/>&#13;\n<\/p>\n<p>Valitsev U19 Eliitliiga Meistriliiga v\u00f5itja Tallinna Flora sai teada UEFA noorteliiga esimese eelringi vastase ja selle meeskonna, kellega minnakse vastamisi ka edu korral.<\/p>\n<p>Mais P\u00e4rnu Rannastaadionil U19 Eliitliiga v\u00f5itjakarika taeva poole t\u00f5stnud Flora sedel v\u00f5eti Nyonis toimunud loosimisel potist v\u00e4lja esimesena. Neile loositi esimeses eelringis vastaseks F\u00e4\u00e4ri saarte t\u0161empion HB, kelle esindusmeeskonnas m\u00e4ngis m\u00f5ne kuu Erik Sorga. Paari avamat\u0161 peetakse 16. septembril Flora kodus.&#13;\n<\/p>\n<p>Flora ja HB vastasseisu v\u00f5itjat ootab ees maiuspala Inglismaa hiiu Londoni Chelsea n\u00e4ol, kes on v\u00f5istluse ajaloo jooksul kroonitud kaks korda v\u00f5itjaks.&#13;\n<\/p>\n<p>&#8220;Kihvt loos,&#8221; kommenteeris Flora U19 v\u00f5istkonda t\u00fc\u00fcriv Ats Sillaste esimese emotsiooni pealt Soccernet.ee-le. &#8220;Juba esimene ring pole kerge, nagu iga rahvusvaheline m\u00e4ng. V\u00e4ga keeruline prognoosida, mis meile HB n\u00e4ol vastu tuleb, aga on teada, et F\u00e4\u00e4ri saarte klubid m\u00e4ngivad j\u00f5ulist ja kiiret jalgpalli. Arvan, et see on k\u00fcllaltki v\u00f5rdne vastasseis, tuleb lihtsalt enda kasuks kallutada.&#8221;<\/p>\n<p>&#8220;Ma ei kujuta isegi ette, kas me saame mingisugust videomaterjali selle tiimi kohta. K\u00f5ik on praegu nii v\u00e4rske ka,&#8221; m\u00f5tiskles Sillaste, mispeale pakkus siinkirjutaja v\u00e4lja, et ehk saab HB esinduses m\u00e4nginud Sorga kuidagi abiks olla. &#8220;No mine tea!&#8221; l\u00f5\u00f5pis ta.&#13;\n<\/p>\n<p>Ehkki veel on vara m\u00f5elda, siis Flora noorte jaoks ootaks HB seljatamise korral ees eluv\u00f5imalus Chelsea noorte vastu. &#8220;Eks v\u00f5tame m\u00e4ng korraga. Teise ringi osas on pisut kahetine tunne, samas HJK sai talvel vastu ju Manchester City eakaaslastele,&#8221; lausus Sillaste.&#13;\n<\/p>\n<p>S\u00f5japlaan n\u00e4eb ette seda, et v\u00f5rreldes U19 Eliitliiga perioodiga ei muudeta midagi \u2014 pealik Sillaste loodab, et saab omale appi kutsuda Karl M\u00f6\u00f6li, kes t\u00fc\u00fcrib praegu Flora esindusmeeskonda. &#8220;Klubi annab endast k\u00f5ik, et k\u00f5ik [esindusmeeskonna m\u00e4ngijad], kel tervis lubab, on nendeks eurom\u00e4ngudeks valikus,&#8221; kirjeldas Sillaste.&#13;\n<\/p>\n<p>Flora U19 grupi moodustavad suuremal m\u00e4\u00e4ral duubelmeeskonnda m\u00e4ngijad, kuid Eliitliiga hooaja jooksul t\u00f5ttasid esindusest appi Sander Alamaa, Tony Varjund, Remo Valdmets, Mark Hendrik Kukk ja n\u00fc\u00fcdseks Villarreali siirdunud Andero Kaares.<\/p>\n<p>Ta lisas: &#8220;Peame n\u00fc\u00fcd vaatama, kuidas Esiliigas duubli m\u00e4ngijate koormust jagada. Arvan, et see UEFA noorteliiga on t\u00e4htsam isegi kui Esiliiga, Premium liigast see pigem olulisem pole.&#8221;&#13;<\/p>\n","protected":false},"excerpt":{"rendered":"&#13; Valitsev U19 Eliitliiga Meistriliiga v\u00f5itja Tallinna Flora sai teada UEFA noorteliiga esimese eelringi vastase ja selle meeskonna,&hellip;\n","protected":false},"author":2,"featured_media":267146,"comment_status":"","ping_status":"","sticky":false,"template":"","format":"standard","meta":{"footnotes":"","_share_on_mastodon":"0"},"categories":[18],"tags":[38647,1098,37,33,35,34,36,163,44435,57270,103502,38648,159,158,6911],"class_list":["post-267145","post","type-post","status-publish","format-standard","has-post-thumbnail","category-sport","tag-ats-sillaste","tag-chelsea","tag-ee","tag-eesti","tag-eesti-keel","tag-estonia","tag-estonian","tag-flora","tag-flora-u19","tag-hb","tag-noorteliiga","tag-sillaste","tag-sport","tag-sports","tag-uefa-noorteliiga"],"share_on_mastodon":{"url":"https:\/\/pubeurope.com\/@ee\/117204957808679742","error":""},"_links":{"self":[{"href":"https:\/\/www.europesays.com\/ee\/wp-json\/wp\/v2\/posts\/267145","targetHints":{"allow":["GET"]}}],"collection":[{"href":"https:\/\/www.europesays.com\/ee\/wp-json\/wp\/v2\/posts"}],"about":[{"href":"https:\/\/www.europesays.com\/ee\/wp-json\/wp\/v2\/types\/post"}],"author":[{"embeddable":true,"href":"https:\/\/www.europesays.com\/ee\/wp-json\/wp\/v2\/users\/2"}],"replies":[{"embeddable":true,"href":"https:\/\/www.europesays.com\/ee\/wp-json\/wp\/v2\/comments?post=267145"}],"version-history":[{"count":0,"href":"https:\/\/www.europesays.com\/ee\/wp-json\/wp\/v2\/posts\/267145\/revisions"}],"wp:featuredmedia":[{"embeddable":true,"href":"https:\/\/www.europesays.com\/ee\/wp-json\/wp\/v2\/media\/267146"}],"wp:attachment":[{"href":"https:\/\/www.europesays.com\/ee\/wp-json\/wp\/v2\/media?parent=267145"}],"wp:term":[{"taxonomy":"category","embeddable":true,"href":"https:\/\/www.europesays.com\/ee\/wp-json\/wp\/v2\/categories?post=267145"},{"taxonomy":"post_tag","embeddable":true,"href":"https:\/\/www.europesays.com\/ee\/wp-json\/wp\/v2\/tags?post=267145"}],"curies":[{"name":"wp","href":"https:\/\/api.w.org\/{rel}","templated":true}]}}