{"id":267149,"date":"2026-09-03T03:32:17","date_gmt":"2026-09-03T03:32:17","guid":{"rendered":"https:\/\/www.europesays.com\/ee\/267149\/"},"modified":"2026-09-03T03:32:17","modified_gmt":"2026-09-03T03:32:17","slug":"prins-tiheda-sugise-eel-loodame-et-sartsu-vurtsu-jatkub-matas-jahime-karikat-soccernet-ee","status":"publish","type":"post","link":"https:\/\/www.europesays.com\/ee\/267149\/","title":{"rendered":"Prins tiheda s\u00fcgise eel: loodame, et s\u00e4rtsu-vurtsu j\u00e4tkub! (M\u00e4tas: jahime karikat) &#8211; Soccernet.ee"},"content":{"rendered":"<p><img decoding=\"async\" src=\"https:\/\/www.europesays.com\/ee\/wp-content\/uploads\/2026\/09\/1783791168.jpg\" alt=\"Igor Prins ei heida hoolealustele midagi ette p\u00e4rast karikateekonna l\u00f5ppu. Foto: Svetlana Valijeva\"\/>&#13;\n<\/p>\n<p>P\u00e4rnu Vapruse peatreeneril Igor Prinsil ei olnud Evald Tipneri karikav\u00f5istluste kaheksandikfinaali 2:3 kaotuse j\u00e4rel oma meeskonnale etteheiteid.<\/p>\n<p>Prins r\u00e4\u00e4kis m\u00e4ngu j\u00e4rel, et ta meeskond tekitas juba m\u00e4ngu alguses N\u00f5mme Unitedi vastu h\u00e4id v\u00f5imalusi ja valdas palli, kuid Vaprus j\u00e4i h\u00e4tta Unitedi kiirete \u00fcleminekutega. &#8220;See sai meil esimesel poolajal saatuslikuks,&#8221; arvas ta. Prins lisas, et teisel kolmveerandtunnil kahev\u00e4ravalises kaotusseisus olles ei olnud enam midagi kaotada, mist\u00f5ttu m\u00e4ngiti julgemalt ja pingevabamalt.&#13;\n<\/p>\n<p>Prins muutis korralikult ka algkoosseisu v\u00f5rreldes n\u00e4dalavahetuse Premium liiga kohtumisega Kuressaare vastu. Seekord oli 11 alustaja seas kaheksa uut nime, koha s\u00e4ilitasid vaid Markkus Seppik, Tristan Pajo ja Mathias Villota. Vapruse peatreener j\u00e4i kaotusest ja kaitseeksimustest hoolimata hoolealuste esitusega rahule. &#8220;Poisid said hakkama ja etteheiteid ei ole,&#8221; \u00fctles Prins ning t\u00e4psustas seej\u00e4rel, et karikasarjast langemine on siiski pettumus.&#13;\n<\/p>\n<p>Vaprusel on Premium liigas tihedas tabelikeskmike seltskonnas, kus iga vooru j\u00e4rel v\u00f5ib paremusj\u00e4rjestus muutuda. Prins r\u00e4\u00e4kis, et koha parandamiseks tuleb palju pingutada, kuid potentsiaali selleks jagub. Treener lisas, et septembris on tihe graafik, sest enne koondisepausi on veel kuus m\u00e4ngu. &#8220;P\u00fc\u00fcame hakkama saada,&#8221; \u00fctles Prins.<\/p>\n<p>Vaprus ei toonud suvises \u00fcleminekuaknas meeskonda uusi n\u00e4gusid ega j\u00e4tnud ka kellegagi h\u00fcvasti. Prins on praeguse koosseisuga rahul ning loodab, et meestel jagub j\u00f5udu hooaja l\u00f5puni. &#8220;Nad on minu k\u00e4e all neli aastat t\u00f6\u00f6d teinud. Loodame, et j\u00e4tkub s\u00e4rtsu-vurtsu septembris, oktoobris ja novembris ka paar m\u00e4ngu. Kokkuv\u00f5ttes v\u00e4ga okeid poisid. T\u00f6\u00f6d armastavad teha ja m\u00e4ngida ka!&#8221;&#13;\n<\/p>\n<p>N\u00f5mme Unitedi r\u00fcndaja Kevin M\u00e4tas r\u00e4\u00e4kis m\u00e4ngu j\u00e4rel, et Unitedi eesm\u00e4rk oli lihtsalt karikasarjast j\u00e4rgmisesse ringi edeneda. &#8220;T\u00f6\u00f6 tehtud!&#8221; lausus ta 3:2 v\u00f5idu j\u00e4rel. M\u00e4tas leidis m\u00e4ngu j\u00e4rel, et v\u00f5imaluste poolest oli k\u00fcllaltki v\u00f5rdne kohtumine ja sellele viitab ka tasav\u00e4gine skoor tablool.&#13;\n<\/p>\n<p>M\u00e4tas lisas, et Unitedi m\u00e4ngudes tasub alati midagi oodata Zakaria Beglari\u0161vililt, kes oli seekordki osaline k\u00f5igis Unitedi v\u00e4ravates. M\u00e4tas avaldas m\u00e4ngu j\u00e4rel, et nad ei survestanud teadlikult Vaprust k\u00f5rgelt. &#8220;V\u00f5ib-olla tundus, et neil oli initsiatiiv, aga arvan, et meil olid asjad kontrolli all.&#8221;&#13;\n<\/p>\n<p>Ehkki Premium liigas United tiitli eest ei heitle, siis karikasarjas on ka v\u00e4iksemad klubid suutelised \u00fcllatama ja \u00f5nnestumise korral l\u00f5puni v\u00e4lja minema. &#8220;Karikas on k\u00f5ik v\u00f5imalik ja siin on ka tiitel m\u00e4ngus. Jahime ikka seda!&#8221; teatas M\u00e4tas.<\/p>\n","protected":false},"excerpt":{"rendered":"&#13; P\u00e4rnu Vapruse peatreeneril Igor Prinsil ei olnud Evald Tipneri karikav\u00f5istluste kaheksandikfinaali 2:3 kaotuse j\u00e4rel oma meeskonnale etteheiteid.&hellip;\n","protected":false},"author":2,"featured_media":267150,"comment_status":"","ping_status":"","sticky":false,"template":"","format":"standard","meta":{"footnotes":"","_share_on_mastodon":"0"},"categories":[18],"tags":[37,33,35,34,36,1677,28304,28305,1813,1621,1678,159,158,2331,1622],"class_list":["post-267149","post","type-post","status-publish","format-standard","has-post-thumbnail","category-sport","tag-ee","tag-eesti","tag-eesti-keel","tag-estonia","tag-estonian","tag-igor-prins","tag-kevin-matas","tag-matas","tag-nomme-united","tag-parnu-vaprus","tag-prins","tag-sport","tag-sports","tag-united","tag-vaprus"],"share_on_mastodon":{"url":"https:\/\/pubeurope.com\/@ee\/117205005176181078","error":""},"_links":{"self":[{"href":"https:\/\/www.europesays.com\/ee\/wp-json\/wp\/v2\/posts\/267149","targetHints":{"allow":["GET"]}}],"collection":[{"href":"https:\/\/www.europesays.com\/ee\/wp-json\/wp\/v2\/posts"}],"about":[{"href":"https:\/\/www.europesays.com\/ee\/wp-json\/wp\/v2\/types\/post"}],"author":[{"embeddable":true,"href":"https:\/\/www.europesays.com\/ee\/wp-json\/wp\/v2\/users\/2"}],"replies":[{"embeddable":true,"href":"https:\/\/www.europesays.com\/ee\/wp-json\/wp\/v2\/comments?post=267149"}],"version-history":[{"count":0,"href":"https:\/\/www.europesays.com\/ee\/wp-json\/wp\/v2\/posts\/267149\/revisions"}],"wp:featuredmedia":[{"embeddable":true,"href":"https:\/\/www.europesays.com\/ee\/wp-json\/wp\/v2\/media\/267150"}],"wp:attachment":[{"href":"https:\/\/www.europesays.com\/ee\/wp-json\/wp\/v2\/media?parent=267149"}],"wp:term":[{"taxonomy":"category","embeddable":true,"href":"https:\/\/www.europesays.com\/ee\/wp-json\/wp\/v2\/categories?post=267149"},{"taxonomy":"post_tag","embeddable":true,"href":"https:\/\/www.europesays.com\/ee\/wp-json\/wp\/v2\/tags?post=267149"}],"curies":[{"name":"wp","href":"https:\/\/api.w.org\/{rel}","templated":true}]}}