{"id":267151,"date":"2026-09-03T03:35:17","date_gmt":"2026-09-03T03:35:17","guid":{"rendered":"https:\/\/www.europesays.com\/ee\/267151\/"},"modified":"2026-09-03T03:35:17","modified_gmt":"2026-09-03T03:35:17","slug":"juhtkiri-%e2%9f%a9-saamatu-pevkur-peab-ametist-lahkuma","status":"publish","type":"post","link":"https:\/\/www.europesays.com\/ee\/267151\/","title":{"rendered":"JUHTKIRI \u27e9 Saamatu Pevkur peab ametist lahkuma"},"content":{"rendered":"<p class=\"MsoNormal\">Pole vahet, et raha p\u00e4rines mitte otseselt Eesti riigieelarvest, vaid Euroopa Rahurahastust. Lepingu s\u00f5lmis Riigi Kaitseinvesteeringute Keskus ning probleemide ilmnedes ei v\u00f5tnud RKIK tegevust luubi alla, vaid kandis \u00fcle veel t\u00e4iendavaid miljoneid.<\/p>\n<p class=\"MsoNormal\">Kaitseminister Hanno Pevkur (RE) vastas Postimehe k\u00fcsimusele tagasiastumise kohta \u00fclds\u00f5nalisel moel h\u00e4mavalt, et iga ministri volitused l\u00f5pevad \u00fchel p\u00e4eval. V\u00f5ib-olla loodab ennast senini teflonministrina n\u00e4idanud Pevkur, et tal \u00f5nnestub k\u00f5rbemata paksust ja vedelast l\u00e4bi minna nagu varasematel aastatel. Vist siiski mitte, sest kriitiliste avaldustega on Pevkuri aadressil esinenud nii koalitsioonipartner Eesti 200 kui ka opositsioonis aeg-ajalt koalitsiooni toetavad sotsiaaldemokraadid. Seet\u00f5ttu n\u00e4ib, et peaminister plaanib l\u00e4hip\u00e4evil suuremat valitsusremonti.<\/p>\n<p class=\"MsoNormal\">Kaitseminister Pevkur on n\u00e4idanud senini h\u00e4mmastavat poliitilist vastupidavust. Kaks aastat tagasi juunis kirjutas Postimees juhtkirjas toonase riigikogu riigikaitsekomisjoni liikme Kristo Enn Vaga (RE) kirjast, milles Vaga soovitas Pevkuril tagasi astuda, et \u00abs\u00e4ilitada Kaja valitsuse t\u00f5siseltv\u00f5etavus ja juhtimiskvaliteet kaitsevaldkonnas\u00bb. Enne seda oli lahkunud kaitseministeeriumi kantsler Kusti Salm, kritiseerides avalikult kaitsevaldkonna juhtimist ja rahastamist.<\/p>\n<blockquote class=\"quote ck-widget\" contenteditable=\"false\">\n<p class=\"MsoNormal\">\u00dcksk\u00f5ik, kes saab uueks kaitseministriks v\u00f5i uueks ministeeriumi kantsleriks, esimese asjana tuleb taastada avalikkuse usaldus valdkonnas toimuva suhtes.<\/p>\n<\/blockquote>\n<p class=\"MsoNormal\">Kristo Enn Vaga soovitus on praegu aktuaalsem kui kunagi varem, ehkki see on mitu aastat hilinenud ning n\u00fc\u00fcd pole k\u00fcsimus enam Kaja Kallase valitsuse t\u00f5siseltv\u00f5etavuses, vaid Reformierakonna t\u00f5siseltv\u00f5etavuses tervikuna. Meenutame, et eelmistel riigikogu valimistel tugines Reformierakonna edu enda presenteerimisel majandus- ja kaitsevaldkonnas \u00fclip\u00e4deva erakonnana. Majanduskaart on praeguseks l\u00f6\u00f6dud ning n\u00fc\u00fcd paistab, et l\u00e4inud on ka kaitsevaldkonna kaart. Valimiskampaanias lubatud \u00abkindlad k\u00e4ed\u00bb pole osutunud eriti kindlateks.<\/p>\n<p class=\"MsoNormal\">Kaitsevaldkonna segadust, millele riigikontroll juba aasta tagasi t\u00e4helepanu juhtis, pole Pevkur eriti t\u00f5siselt v\u00f5tnud. Praegu oleme samas seisus ning n\u00fc\u00fcd on valminud supp, mis riigisaladuse toel kokku keedeti. Usaldus on kadunud ja t\u00f5en\u00e4oliselt lisaks ka k\u00fcmned miljonid eurod. Selline jama tuleb v\u00f5imalikult ruttu l\u00f5petada: Pevkur peab tagasi astuma ning ametikoha p\u00e4devamale ja vastutusv\u00f5imelisemale inimesele vabastama.<\/p>\n<p class=\"MsoNormal\">\u00dcksk\u00f5ik, kes saab uueks kaitseministriks v\u00f5i uueks ministeeriumi kantsleriks, esimese asjana tuleb taastada avalikkuse usaldus valdkonnas toimuva suhtes. Praeguses julgeolekuolukorras on see Eestile elu ja surma k\u00fcsimus.<\/p>\n","protected":false},"excerpt":{"rendered":"Pole vahet, et raha p\u00e4rines mitte otseselt Eesti riigieelarvest, vaid Euroopa Rahurahastust. Lepingu s\u00f5lmis Riigi Kaitseinvesteeringute Keskus ning&hellip;\n","protected":false},"author":2,"featured_media":267152,"comment_status":"","ping_status":"","sticky":false,"template":"","format":"standard","meta":{"footnotes":"","_share_on_mastodon":"0"},"categories":[12],"tags":[26,27,37,33,651,35,34,36,62426,31,32,492,21,1639,14203,17602,28,29,19,25,18841,643,6425,8012,103503,3495,23,24,262,22,20,30],"class_list":["post-267151","post","type-post","status-publish","format-standard","has-post-thumbnail","category-eesti","tag-breaking-news","tag-breakingnews","tag-ee","tag-eesti","tag-eesti-200","tag-eesti-keel","tag-estonia","tag-estonian","tag-euroopa-rahurahastu","tag-featured-news","tag-featurednews","tag-hanno-pevkur","tag-headlines","tag-kaja-kallas","tag-kristo-enn-vaga","tag-kusti-salm","tag-latest-news","tag-latestnews","tag-news","tag-populaarseimad-lood","tag-presidendivalimised","tag-reformierakond","tag-riigi-kaitseinvesteeringute-keskus","tag-riigikontroll","tag-saamatu-pevkur-peab-ametist-lahkuma","tag-sotsiaaldemokraadid","tag-top-stories","tag-topstories","tag-ukraina","tag-uldised-uudised","tag-uudised","tag-viimased-uudised"],"share_on_mastodon":{"url":"","error":"Validation failed: Text character limit of 500 exceeded"},"_links":{"self":[{"href":"https:\/\/www.europesays.com\/ee\/wp-json\/wp\/v2\/posts\/267151","targetHints":{"allow":["GET"]}}],"collection":[{"href":"https:\/\/www.europesays.com\/ee\/wp-json\/wp\/v2\/posts"}],"about":[{"href":"https:\/\/www.europesays.com\/ee\/wp-json\/wp\/v2\/types\/post"}],"author":[{"embeddable":true,"href":"https:\/\/www.europesays.com\/ee\/wp-json\/wp\/v2\/users\/2"}],"replies":[{"embeddable":true,"href":"https:\/\/www.europesays.com\/ee\/wp-json\/wp\/v2\/comments?post=267151"}],"version-history":[{"count":0,"href":"https:\/\/www.europesays.com\/ee\/wp-json\/wp\/v2\/posts\/267151\/revisions"}],"wp:featuredmedia":[{"embeddable":true,"href":"https:\/\/www.europesays.com\/ee\/wp-json\/wp\/v2\/media\/267152"}],"wp:attachment":[{"href":"https:\/\/www.europesays.com\/ee\/wp-json\/wp\/v2\/media?parent=267151"}],"wp:term":[{"taxonomy":"category","embeddable":true,"href":"https:\/\/www.europesays.com\/ee\/wp-json\/wp\/v2\/categories?post=267151"},{"taxonomy":"post_tag","embeddable":true,"href":"https:\/\/www.europesays.com\/ee\/wp-json\/wp\/v2\/tags?post=267151"}],"curies":[{"name":"wp","href":"https:\/\/api.w.org\/{rel}","templated":true}]}}