{"id":267155,"date":"2026-09-03T03:48:11","date_gmt":"2026-09-03T03:48:11","guid":{"rendered":"https:\/\/www.europesays.com\/ee\/267155\/"},"modified":"2026-09-03T03:48:11","modified_gmt":"2026-09-03T03:48:11","slug":"venemaa-jatkas-hilisohtul-ja-oosel-ohurunnakuid-kiievile","status":"publish","type":"post","link":"https:\/\/www.europesays.com\/ee\/267155\/","title":{"rendered":"Venemaa j\u00e4tkas hilis\u00f5htul ja \u00f6\u00f6sel \u00f5hur\u00fcnnakuid Kiievile"},"content":{"rendered":"<p>Venemaa j\u00e4tkas \u00f6\u00f6l vastu neljap\u00e4eva seitsmendat p\u00e4eva j\u00e4rjest \u00f5hur\u00fcnnakuid Ukraine pealinnale Kiievile, teatasid v\u00f5imuesindajad ja meediakanalid.<\/p>\n<p>Kohapeal viibivate ajalehe Kyiv Independenti ajakirjanike s\u00f5nul k\u00f5matasid pealinnas taas plahvatused umbes kell 23.00 kohaliku aja j\u00e4rgi. M\u00f5ni minut hiljem teatasid ajakirjanikud uutest plahvatustest.<\/p>\n","protected":false},"excerpt":{"rendered":"Venemaa j\u00e4tkas \u00f6\u00f6l vastu neljap\u00e4eva seitsmendat p\u00e4eva j\u00e4rjest \u00f5hur\u00fcnnakuid Ukraine pealinnale Kiievile, teatasid v\u00f5imuesindajad ja meediakanalid. Kohapeal viibivate&hellip;\n","protected":false},"author":2,"featured_media":267156,"comment_status":"","ping_status":"","sticky":false,"template":"","format":"standard","meta":{"footnotes":"","_share_on_mastodon":"0"},"categories":[5],"tags":[71,26,27,37,33,35,34,36,31,32,21,668,381,1000,28,29,672,19,676,999,25,159,23,24,22,20,30],"class_list":["post-267155","post","type-post","status-publish","format-standard","has-post-thumbnail","category-uldised-uudised","tag-arvamus","tag-breaking-news","tag-breakingnews","tag-ee","tag-eesti","tag-eesti-keel","tag-estonia","tag-estonian","tag-featured-news","tag-featurednews","tag-headlines","tag-ilm","tag-internet","tag-krimi","tag-latest-news","tag-latestnews","tag-majandus","tag-news","tag-pank","tag-poliitika","tag-populaarseimad-lood","tag-sport","tag-top-stories","tag-topstories","tag-uldised-uudised","tag-uudised","tag-viimased-uudised"],"share_on_mastodon":{"url":"https:\/\/pubeurope.com\/@ee\/117205067747475491","error":""},"_links":{"self":[{"href":"https:\/\/www.europesays.com\/ee\/wp-json\/wp\/v2\/posts\/267155","targetHints":{"allow":["GET"]}}],"collection":[{"href":"https:\/\/www.europesays.com\/ee\/wp-json\/wp\/v2\/posts"}],"about":[{"href":"https:\/\/www.europesays.com\/ee\/wp-json\/wp\/v2\/types\/post"}],"author":[{"embeddable":true,"href":"https:\/\/www.europesays.com\/ee\/wp-json\/wp\/v2\/users\/2"}],"replies":[{"embeddable":true,"href":"https:\/\/www.europesays.com\/ee\/wp-json\/wp\/v2\/comments?post=267155"}],"version-history":[{"count":0,"href":"https:\/\/www.europesays.com\/ee\/wp-json\/wp\/v2\/posts\/267155\/revisions"}],"wp:featuredmedia":[{"embeddable":true,"href":"https:\/\/www.europesays.com\/ee\/wp-json\/wp\/v2\/media\/267156"}],"wp:attachment":[{"href":"https:\/\/www.europesays.com\/ee\/wp-json\/wp\/v2\/media?parent=267155"}],"wp:term":[{"taxonomy":"category","embeddable":true,"href":"https:\/\/www.europesays.com\/ee\/wp-json\/wp\/v2\/categories?post=267155"},{"taxonomy":"post_tag","embeddable":true,"href":"https:\/\/www.europesays.com\/ee\/wp-json\/wp\/v2\/tags?post=267155"}],"curies":[{"name":"wp","href":"https:\/\/api.w.org\/{rel}","templated":true}]}}