{"id":267163,"date":"2026-09-03T04:07:21","date_gmt":"2026-09-03T04:07:21","guid":{"rendered":"https:\/\/www.europesays.com\/ee\/267163\/"},"modified":"2026-09-03T04:07:21","modified_gmt":"2026-09-03T04:07:21","slug":"hollandi-keskpank-viis-86-tonni-kulda-usa-st-ja-kanadast-londonisse-valismaa","status":"publish","type":"post","link":"https:\/\/www.europesays.com\/ee\/267163\/","title":{"rendered":"Hollandi keskpank viis 86 tonni kulda USA-st ja Kanadast Londonisse | V\u00e4lismaa"},"content":{"rendered":"<p>Hollandi keskpank teatas kolmap\u00e4eval, et viis kasvavate geopoliitiliste pingete t\u00f5ttu 86 tonni oma kullareservist USA-st ja Kanadast Londonisse.<\/p>\n<p>Keskpanga teatel on Londonis hoitavate kullavarudega lihtsam kaubelda kui New Yorgis ja Ottawas hoitavatega.<\/p>\n<p>&#8220;See teeb selle Hollandi keskpanga jaoks kriisiolukorras kiiremini kasutuselev\u00f5etavaks,&#8221; teatas pank avalduses.<\/p>\n<p>&#8220;Selle sammuga oleme parandanud kullavarude kasutatavust. Eeldame, et meil ei ole kunagi vaja kulda kasutada, kuid sellegipoolest on vaja tugevdada oma vastupidavust ja valmisolekut,&#8221; \u00fctles keskpanga president Olaf Sleijpen.<\/p>\n<p>Keskpanga teatel ulatus Hollandi kulla kogus 2025. aasta l\u00f5pus 612,4 tonnini ja selle v\u00e4\u00e4rtus oli 72,2 miljardit eurot.<\/p>\n","protected":false},"excerpt":{"rendered":"Hollandi keskpank teatas kolmap\u00e4eval, et viis kasvavate geopoliitiliste pingete t\u00f5ttu 86 tonni oma kullareservist USA-st ja Kanadast Londonisse.&hellip;\n","protected":false},"author":2,"featured_media":267164,"comment_status":"","ping_status":"","sticky":false,"template":"","format":"standard","meta":{"footnotes":"","_share_on_mastodon":"0"},"categories":[14],"tags":[131,130,37,33,35,34,36,1356,1554,16312,3586,325],"class_list":["post-267163","post","type-post","status-publish","format-standard","has-post-thumbnail","category-ari","tag-ari","tag-business","tag-ee","tag-eesti","tag-eesti-keel","tag-estonia","tag-estonian","tag-holland","tag-kanada","tag-keskpank","tag-kuld","tag-usa"],"share_on_mastodon":{"url":"https:\/\/pubeurope.com\/@ee\/117205142558728872","error":""},"_links":{"self":[{"href":"https:\/\/www.europesays.com\/ee\/wp-json\/wp\/v2\/posts\/267163","targetHints":{"allow":["GET"]}}],"collection":[{"href":"https:\/\/www.europesays.com\/ee\/wp-json\/wp\/v2\/posts"}],"about":[{"href":"https:\/\/www.europesays.com\/ee\/wp-json\/wp\/v2\/types\/post"}],"author":[{"embeddable":true,"href":"https:\/\/www.europesays.com\/ee\/wp-json\/wp\/v2\/users\/2"}],"replies":[{"embeddable":true,"href":"https:\/\/www.europesays.com\/ee\/wp-json\/wp\/v2\/comments?post=267163"}],"version-history":[{"count":0,"href":"https:\/\/www.europesays.com\/ee\/wp-json\/wp\/v2\/posts\/267163\/revisions"}],"wp:featuredmedia":[{"embeddable":true,"href":"https:\/\/www.europesays.com\/ee\/wp-json\/wp\/v2\/media\/267164"}],"wp:attachment":[{"href":"https:\/\/www.europesays.com\/ee\/wp-json\/wp\/v2\/media?parent=267163"}],"wp:term":[{"taxonomy":"category","embeddable":true,"href":"https:\/\/www.europesays.com\/ee\/wp-json\/wp\/v2\/categories?post=267163"},{"taxonomy":"post_tag","embeddable":true,"href":"https:\/\/www.europesays.com\/ee\/wp-json\/wp\/v2\/tags?post=267163"}],"curies":[{"name":"wp","href":"https:\/\/api.w.org\/{rel}","templated":true}]}}