{"id":267167,"date":"2026-09-03T04:10:12","date_gmt":"2026-09-03T04:10:12","guid":{"rendered":"https:\/\/www.europesays.com\/ee\/267167\/"},"modified":"2026-09-03T04:10:12","modified_gmt":"2026-09-03T04:10:12","slug":"kaitseminister-hanno-pevkur-teatas-tagasi-astumisest-postimees-ee","status":"publish","type":"post","link":"https:\/\/www.europesays.com\/ee\/267167\/","title":{"rendered":"Kaitseminister Hanno Pevkur teatas tagasi astumisest &#8211; postimees.ee"},"content":{"rendered":"<ol>\n<li><a href=\"https:\/\/news.google.com\/rss\/articles\/CBMijgFBVV95cUxNSERKbUZXN1JkTmV5YWRNQ2xtOTB1aFZjV0dJdDN6NEpyalJ1aUF0cU82NTU4UEhFd0xxWFpGMmJiVGd1UWJRcDFkSnlkNnhnNl9NOF9Zandaai1QcVFoOUNMNzBNV3NQeW9ZclBkSDE0cG1fNFFUSW0tNEUzejNUenB1WEFpOGdiM2JaVzRB?oc=5\" target=\"_blank\" rel=\"nofollow noopener\">Kaitseminister Hanno Pevkur teatas tagasi astumisest<\/a>&nbsp;&nbsp;postimees.ee<\/li>\n<li><a href=\"https:\/\/news.google.com\/rss\/articles\/CBMiywFBVV95cUxQSzFYaTZGVEtCb2pBeDJiVERWRlE1REZPM3U0ZlZvQVJOUWJkUFlfMzM0MmFjZzd2VkZ5SkwzdEhpU0U5U2RiTDlPenN2U1otaVJJREd5T3pycnV6ZlVNT1AxUm83YUY4eGFaUmx1WEJPQVdnR2ZHVzk2YzFpVjVMYzRDeGxfLUI3ZnNzemYxbENxZkpHeWRZS2ZIQUZZMndjRm4wOHRTSU8tZUlMeUVwREphNzZaV1cyOENZQjVKdWkxd2NzOFdDck1nRQ?oc=5\" target=\"_blank\" rel=\"nofollow noopener\">VIDEO JA FOTOD Kaitsev\u00e4e juhataja erikomisjonis: ma ei luba \u00f6elda, et kaitsev\u00e4e raha on \u00e4ra kanditud<\/a>&nbsp;&nbsp;postimees.ee<\/li>\n<li><a href=\"https:\/\/news.google.com\/rss\/articles\/CBMiowFBVV95cUxOUDBhVlU3S2dLM2s0YjJHV29lNHFySkZEbXBMa3FuRWJpVUVwTjRyNzFneHMxblZGOXJRSjd3SGpSMlhCNGhmS1B4WkVna094a3p4c3ZwVTRhMV9kS0M5VmhiUUh1RlhhOVBwaXNtN2hzVEx3RjdiV2xSY2ZJYzdJMWZSWGNvVHRZeHEycjhfWml3cnpVVm1oeGotdUNLel9lN0pz?oc=5\" target=\"_blank\" rel=\"nofollow noopener\">L\u00e4\u00e4nemets: riigikaitse usaldust alla viiv Pevkur peaks ise tagasi astuma<\/a>&nbsp;&nbsp;err.ee<\/li>\n<li><a href=\"https:\/\/news.google.com\/rss\/articles\/CBMipwFBVV95cUxPTzBlQlJDTnItUG83QXlrY0tvVGZHMGMwSXAzcUJ6RlN0TFlsN2U2YWNka2Z2Z0NDb1lqTEZRMzZGMTJXOUFHaG9hcUEwVVFDX0Ixd3F1RzhMUmRvdHA5b09GZlBjd3RrZEhqWksySTE2QXpZSmNXeVRDYzBkbGUtOWVMZWZzYnp1THYtMG9iejN5NzdlWWpmSWNqYW5zWVZMekkyRjVCcw?oc=5\" target=\"_blank\" rel=\"nofollow noopener\">Opositsioon kangutab valitsust, hambus on nii Pevkur kui Michal<\/a>&nbsp;&nbsp;\u00c4rip\u00e4ev<\/li>\n<li><a href=\"https:\/\/news.google.com\/rss\/articles\/CBMitwFBVV95cUxNdUJ4UHlMeW5jN2RndzBHZ3JFX2t2d2dueEVRV1pLMnJuZklmTEJpTWlSRjBPZzJoc0xmRFd2WWFMNFF2QnhKR3h2N2VMSXp2UUY4N0RfZ0hpb19ReHF4QXpVWktlejZwVkU1eEMxU2ZudC1iOUJ0Ti11T0hNN1RsRkZKR09BZXBrZkRSVmlneHg0aV9VOWhtQnU3dWdLbExOdmxpRm1rUXdXaXZiamRXaDVFQjI3ZUE?oc=5\" target=\"_blank\" rel=\"nofollow noopener\">VIDEOINTERVJUU \u27e9 Hanno Pevkur tagasiastumisest: \u00fchel p\u00e4eval ministri volitused l\u00f5pevad<\/a>&nbsp;&nbsp;postimees.ee<\/li>\n<\/ol>\n","protected":false},"excerpt":{"rendered":"Kaitseminister Hanno Pevkur teatas tagasi astumisest&nbsp;&nbsp;postimees.ee VIDEO JA FOTOD Kaitsev\u00e4e juhataja erikomisjonis: ma ei luba \u00f6elda, et kaitsev\u00e4e&hellip;\n","protected":false},"author":2,"featured_media":267168,"comment_status":"","ping_status":"","sticky":false,"template":"","format":"standard","meta":{"footnotes":"","_share_on_mastodon":"0"},"categories":[5],"tags":[71,26,27,37,33,35,34,36,31,32,21,668,381,1000,28,29,672,19,676,999,25,159,23,24,22,20,30],"class_list":["post-267167","post","type-post","status-publish","format-standard","has-post-thumbnail","category-uldised-uudised","tag-arvamus","tag-breaking-news","tag-breakingnews","tag-ee","tag-eesti","tag-eesti-keel","tag-estonia","tag-estonian","tag-featured-news","tag-featurednews","tag-headlines","tag-ilm","tag-internet","tag-krimi","tag-latest-news","tag-latestnews","tag-majandus","tag-news","tag-pank","tag-poliitika","tag-populaarseimad-lood","tag-sport","tag-top-stories","tag-topstories","tag-uldised-uudised","tag-uudised","tag-viimased-uudised"],"share_on_mastodon":{"url":"https:\/\/pubeurope.com\/@ee\/117205154099316995","error":""},"_links":{"self":[{"href":"https:\/\/www.europesays.com\/ee\/wp-json\/wp\/v2\/posts\/267167","targetHints":{"allow":["GET"]}}],"collection":[{"href":"https:\/\/www.europesays.com\/ee\/wp-json\/wp\/v2\/posts"}],"about":[{"href":"https:\/\/www.europesays.com\/ee\/wp-json\/wp\/v2\/types\/post"}],"author":[{"embeddable":true,"href":"https:\/\/www.europesays.com\/ee\/wp-json\/wp\/v2\/users\/2"}],"replies":[{"embeddable":true,"href":"https:\/\/www.europesays.com\/ee\/wp-json\/wp\/v2\/comments?post=267167"}],"version-history":[{"count":0,"href":"https:\/\/www.europesays.com\/ee\/wp-json\/wp\/v2\/posts\/267167\/revisions"}],"wp:featuredmedia":[{"embeddable":true,"href":"https:\/\/www.europesays.com\/ee\/wp-json\/wp\/v2\/media\/267168"}],"wp:attachment":[{"href":"https:\/\/www.europesays.com\/ee\/wp-json\/wp\/v2\/media?parent=267167"}],"wp:term":[{"taxonomy":"category","embeddable":true,"href":"https:\/\/www.europesays.com\/ee\/wp-json\/wp\/v2\/categories?post=267167"},{"taxonomy":"post_tag","embeddable":true,"href":"https:\/\/www.europesays.com\/ee\/wp-json\/wp\/v2\/tags?post=267167"}],"curies":[{"name":"wp","href":"https:\/\/api.w.org\/{rel}","templated":true}]}}