{"id":267177,"date":"2026-09-03T04:30:11","date_gmt":"2026-09-03T04:30:11","guid":{"rendered":"https:\/\/www.europesays.com\/ee\/267177\/"},"modified":"2026-09-03T04:30:11","modified_gmt":"2026-09-03T04:30:11","slug":"paikeseparkide-rajamise-buum-on-raugenud-majandus","status":"publish","type":"post","link":"https:\/\/www.europesays.com\/ee\/267177\/","title":{"rendered":"P\u00e4ikeseparkide rajamise buum on raugenud | Majandus"},"content":{"rendered":"<p>L\u00e4\u00e4neranna vallal ei \u00f5nnestunud kolme aastaga leida p\u00e4ikesepargi tegijat. Eleringi hinnangul on buum m\u00f6\u00f6das ja aeg rohkem salvestustehnoloogiaga h\u00fcbriidjaamade p\u00e4ralt.<\/p>\n<p>Augusti l\u00f5pus otsustas L\u00e4\u00e4neranna vallavolikogu l\u00f5petada Alak\u00fcla Lodu p\u00e4ikeseelektrijaama detailplaneeringu koostamise. L\u00e4\u00e4neranna vallavalitsus korraldas Lodu katastri\u00fcksusele p\u00e4ikeseelektrijaama ehitamiseks hoonestus\u00f5iguse seadmiseks kolm enampakkumist, mis nurjusid huviliste puudumise t\u00f5ttu.<\/p>\n<p>L\u00e4\u00e4neranna valla abivallavanem Henrik Raave s\u00f5nul peegeldub olukorrast p\u00e4ikeseparkide rajamise huvi raugemine.<\/p>\n<p>&#8220;Ju on neid siis piisavalt palju saanud v\u00f5i ei oska \u00f6elda. Pigem praegu tuntakse huvi rohkem andmekeskuste, akuparkide ja muidugi tuuleenergia on teema. Need kolm on hetkel populaarsemad kui p\u00e4ikeseenergia,&#8221; r\u00e4\u00e4kis Raave.<\/p>\n<p>&#8220;Meie k\u00e4est on ka k\u00fcsitud, et kuhu meie valda siin Lihula piirkonnas oleks v\u00f5imalik n\u00e4iteks andmekeskust rajada, sest meil on v\u00e4ga head elektri\u00fchendused, Eesti-L\u00e4ti liin hakkab siit l\u00e4bi jooksma, meil on siin roheenergiakomponent, mis on olemasolevad p\u00e4ikesepargid ja tuulepargid.&#8221;<\/p>\n<p>Uute huvide valguses tegutseb vald ka edasi.<\/p>\n<p>Raave s\u00f5nul plaanib vald algatada uue detailplaneeringu, et v\u00f5imalikud hoonestus\u00f5iguse huvilised saaksid seda \u00fcldse arvesse v\u00f5tta.<\/p>\n<p>&#8220;J\u00e4rgmine samm ongi see, et me t\u00fckeldame selle kinnistu, l\u00f5ikame sealt v\u00e4lja need alad, mida me ei saa hoonestus\u00f5igusega koormata v\u00f5i siis mida me ei saa m\u00fc\u00fca, kuna tegemist on rohealadega &#8211; Matsalu rohev\u00f5rgustik Matsalu rahvuspargi \u00e4\u00e4res, tagumine ots. Aga esimese ehk siis maanteepoolse otsa saaks hoonestada ja saaks ka v\u00f5\u00f5randada ja selleks me siis plaanimegi t\u00fckeldada k\u00f5igepealt ja siis algatada uue detailplaneeringu andmekeskuse v\u00f5i muu sarnase t\u00f6\u00f6stuse rajamiseks,&#8221; selgitas abivallavanem.<\/p>\n<p>Eleringi taastuvenergia arendamise juhi River Tomera s\u00f5nul on huvi raugemist n\u00e4ha olnud juba mitu aastat. Ta \u00fctles, et kuna p\u00e4ikeseparke on p\u00fcstitatud Eestis pea poolteist korda rohkem kui on Eestis tarbimist suvisel perioodil ja see m\u00f5jutab selgelt elektri hinda, siis on p\u00e4ikeseparkide tootlikkus tootjate jaoks langenud.<\/p>\n<p>&#8220;T\u00f5en\u00e4oliselt turule v\u00f5ib-olla rohkem just p\u00e4ikeseparke vaja ei ole, k\u00fcll aga p\u00fcstitatakse p\u00e4ikeseparke h\u00fcbriidparkidena koos salvestustehnoloogiatega, v\u00f5ib-olla tuuleparkidele lisaks, kus nad siis mingi teise tehnoloogiaga kombineerides suudavad olla ikkagi kasumlikud. Aga tempo on aeglustunud kindlasti, see on selge ja ka juba kuus aastat ei maksta p\u00e4ikeseparkidele toetust,&#8221; r\u00e4\u00e4kis Tomera.<\/p>\n<p>River Tomera hinnangul on tulevikuvaates m\u00f5istlikum rajada p\u00e4ikeseparke sinna, kus on kohe l\u00e4hedal ka tarbija, kes toodetud energia \u00e4ra tarbiks.<\/p>\n","protected":false},"excerpt":{"rendered":"L\u00e4\u00e4neranna vallal ei \u00f5nnestunud kolme aastaga leida p\u00e4ikesepargi tegijat. Eleringi hinnangul on buum m\u00f6\u00f6das ja aeg rohkem salvestustehnoloogiaga&hellip;\n","protected":false},"author":2,"featured_media":267178,"comment_status":"","ping_status":"","sticky":false,"template":"","format":"standard","meta":{"footnotes":"","_share_on_mastodon":"0"},"categories":[14],"tags":[12136,131,130,37,33,35,655,34,36,13165,15103,2596],"class_list":["post-267177","post","type-post","status-publish","format-standard","has-post-thumbnail","category-ari","tag-andmekeskus","tag-ari","tag-business","tag-ee","tag-eesti","tag-eesti-keel","tag-elering","tag-estonia","tag-estonian","tag-laaneranna-vald","tag-paikesepargid","tag-taastuvenergia"],"share_on_mastodon":{"url":"https:\/\/pubeurope.com\/@ee\/117205232903331487","error":""},"_links":{"self":[{"href":"https:\/\/www.europesays.com\/ee\/wp-json\/wp\/v2\/posts\/267177","targetHints":{"allow":["GET"]}}],"collection":[{"href":"https:\/\/www.europesays.com\/ee\/wp-json\/wp\/v2\/posts"}],"about":[{"href":"https:\/\/www.europesays.com\/ee\/wp-json\/wp\/v2\/types\/post"}],"author":[{"embeddable":true,"href":"https:\/\/www.europesays.com\/ee\/wp-json\/wp\/v2\/users\/2"}],"replies":[{"embeddable":true,"href":"https:\/\/www.europesays.com\/ee\/wp-json\/wp\/v2\/comments?post=267177"}],"version-history":[{"count":0,"href":"https:\/\/www.europesays.com\/ee\/wp-json\/wp\/v2\/posts\/267177\/revisions"}],"wp:featuredmedia":[{"embeddable":true,"href":"https:\/\/www.europesays.com\/ee\/wp-json\/wp\/v2\/media\/267178"}],"wp:attachment":[{"href":"https:\/\/www.europesays.com\/ee\/wp-json\/wp\/v2\/media?parent=267177"}],"wp:term":[{"taxonomy":"category","embeddable":true,"href":"https:\/\/www.europesays.com\/ee\/wp-json\/wp\/v2\/categories?post=267177"},{"taxonomy":"post_tag","embeddable":true,"href":"https:\/\/www.europesays.com\/ee\/wp-json\/wp\/v2\/tags?post=267177"}],"curies":[{"name":"wp","href":"https:\/\/api.w.org\/{rel}","templated":true}]}}