{"id":267191,"date":"2026-09-03T04:56:16","date_gmt":"2026-09-03T04:56:16","guid":{"rendered":"https:\/\/www.europesays.com\/ee\/267191\/"},"modified":"2026-09-03T04:56:16","modified_gmt":"2026-09-03T04:56:16","slug":"nafta-hind-kerkis-taas-kui-usa-ja-iraan-uusi-looke-vahetasid-majandus","status":"publish","type":"post","link":"https:\/\/www.europesays.com\/ee\/267191\/","title":{"rendered":"Nafta hind kerkis taas, kui USA ja Iraan uusi l\u00f6\u00f6ke vahetasid | Majandus"},"content":{"rendered":"<p>Maailmaturu naftahinnad l\u00e4ksid kolmap\u00e4eval varases kauplemises t\u00f5usule p\u00e4rast seda, kui USA ja Iraan vahetasid taas s\u00f5jalisi l\u00f6\u00f6ke, summutades lootuse L\u00e4his-Ida pingete kiireks l\u00f5dvenemiseks.<\/p>\n<p>Brenti toornafta futuurid kallinesid 1,1 protsenti, \u00fcle 95 dollari barrelist. New Yorgis kaubeldava WTI futuurid kerkisid 0,7 protsenti, 90,8 dollarini. Teisip\u00e4eval t\u00f5usid m\u00f5lema br\u00e4ndi hinnad \u00fcle nelja dollari, tehes l\u00e4bi suurima t\u00f5usu p\u00e4rast 24. juulit.<\/p>\n<p>&#8220;Bensiini hind l\u00e4heb alla. Kohe, kui s\u00f5da saab l\u00e4bi, kukub see nagu kivi. Seda on igal pool nii palju, seisab igal pool maailma ookeanidel. Ja see juhtub, see l\u00e4heb alla. Aga mida ei juhtu, on see, et kui Iraan saaks tuumarelva ja kasutaks seda, siis oleks kogu maailm hoopis teistsugune paik. Me maksame bensiini eest pisut rohkem. Bensiin ja nafta l\u00e4hevad kiiresti alla kohe, kui s\u00f5da l\u00f5peb,&#8221; lausus USA president Donald Trump.<\/p>\n","protected":false},"excerpt":{"rendered":"Maailmaturu naftahinnad l\u00e4ksid kolmap\u00e4eval varases kauplemises t\u00f5usule p\u00e4rast seda, kui USA ja Iraan vahetasid taas s\u00f5jalisi l\u00f6\u00f6ke, summutades&hellip;\n","protected":false},"author":2,"featured_media":267192,"comment_status":"","ping_status":"","sticky":false,"template":"","format":"standard","meta":{"footnotes":"","_share_on_mastodon":"0"},"categories":[5],"tags":[26,27,37,33,35,34,36,31,32,21,28,29,4257,8748,19,25,23,24,22,20,30],"class_list":["post-267191","post","type-post","status-publish","format-standard","has-post-thumbnail","category-uldised-uudised","tag-breaking-news","tag-breakingnews","tag-ee","tag-eesti","tag-eesti-keel","tag-estonia","tag-estonian","tag-featured-news","tag-featurednews","tag-headlines","tag-latest-news","tag-latestnews","tag-nafta","tag-nafta-hind","tag-news","tag-populaarseimad-lood","tag-top-stories","tag-topstories","tag-uldised-uudised","tag-uudised","tag-viimased-uudised"],"share_on_mastodon":{"url":"https:\/\/pubeurope.com\/@ee\/117205334864491802","error":""},"_links":{"self":[{"href":"https:\/\/www.europesays.com\/ee\/wp-json\/wp\/v2\/posts\/267191","targetHints":{"allow":["GET"]}}],"collection":[{"href":"https:\/\/www.europesays.com\/ee\/wp-json\/wp\/v2\/posts"}],"about":[{"href":"https:\/\/www.europesays.com\/ee\/wp-json\/wp\/v2\/types\/post"}],"author":[{"embeddable":true,"href":"https:\/\/www.europesays.com\/ee\/wp-json\/wp\/v2\/users\/2"}],"replies":[{"embeddable":true,"href":"https:\/\/www.europesays.com\/ee\/wp-json\/wp\/v2\/comments?post=267191"}],"version-history":[{"count":0,"href":"https:\/\/www.europesays.com\/ee\/wp-json\/wp\/v2\/posts\/267191\/revisions"}],"wp:featuredmedia":[{"embeddable":true,"href":"https:\/\/www.europesays.com\/ee\/wp-json\/wp\/v2\/media\/267192"}],"wp:attachment":[{"href":"https:\/\/www.europesays.com\/ee\/wp-json\/wp\/v2\/media?parent=267191"}],"wp:term":[{"taxonomy":"category","embeddable":true,"href":"https:\/\/www.europesays.com\/ee\/wp-json\/wp\/v2\/categories?post=267191"},{"taxonomy":"post_tag","embeddable":true,"href":"https:\/\/www.europesays.com\/ee\/wp-json\/wp\/v2\/tags?post=267191"}],"curies":[{"name":"wp","href":"https:\/\/api.w.org\/{rel}","templated":true}]}}